{"id":143549,"date":"2022-03-20T17:03:03","date_gmt":"2022-03-20T21:03:03","guid":{"rendered":"https:\/\/linitiative.ca\/International\/tunisie-video-saied-annonce-lelaboration-du-projet-dun-decret-relatif-a-la-conciliation-penale\/"},"modified":"2022-03-20T17:03:03","modified_gmt":"2022-03-20T21:03:03","slug":"tunisie-video-saied-annonce-lelaboration-du-projet-dun-decret-relatif-a-la-conciliation-penale","status":"publish","type":"post","link":"https:\/\/linitiative.ca\/International\/tunisie-video-saied-annonce-lelaboration-du-projet-dun-decret-relatif-a-la-conciliation-penale\/","title":{"rendered":"Tunisie [VIDEO] : Saied annonce l\u2019\u00e9laboration du projet d\u2019un d\u00e9cret relatif \u00e0 la conciliation p\u00e9nale"},"content":{"rendered":"<div>\n<p>En marge du conseil minist\u00e9riel tenu ce dimanche soir 20 mars 2022, le Pr\u00e9sident de la R\u00e9publique, Kais Saied a annonc\u00e9 l\u2019\u00e9laboration d\u2019un projet de d\u00e9cret relatif \u00e0 la conciliation p\u00e9nale afin que le peuple puisse r\u00e9cup\u00e9rer son argent pill\u00e9, affirmant qu\u2019il s\u2019agit \u00ab\u00a0d\u2019une proc\u00e9dure juridique connue, en vertu de laquelle l\u2019accus\u00e9 n\u2019est pas mis [\u2026]<\/p>\n<p>L\u2019article <a href=\"https:\/\/www.tunisienumerique.com\/tunisie-video-saied-annonce-lelaboration-du-projet-dun-decret-relatif-a-la-conciliation-penale\/\">Tunisie [VIDEO] : Saied annonce l\u2019\u00e9laboration du projet d\u2019un d\u00e9cret relatif \u00e0 la conciliation p\u00e9nale<\/a> est apparu en premier sur <a href=\"https:\/\/www.tunisienumerique.com\/\">Tunisie<\/a>.<\/p>\n<\/div>\n<p>Auteur: rania ben slimane<br \/>\n<a href=\"https:\/\/www.tunisienumerique.com\/tunisie-video-saied-annonce-lelaboration-du-projet-dun-decret-relatif-a-la-conciliation-penale\/\">Cliquez ici pour lire l&rsquo;article depuis sa source.<\/a><\/p>\n","protected":false},"excerpt":{"rendered":"<p>En marge du conseil minist\u00e9riel tenu ce dimanche soir 20 mars 2022, le Pr\u00e9sident de la R\u00e9publique, Kais Saied a annonc\u00e9 l\u2019\u00e9laboration d\u2019un projet de d\u00e9cret relatif \u00e0 la conciliation p\u00e9nale afin que le peuple puisse r\u00e9cup\u00e9rer son argent pill\u00e9, affirmant qu\u2019il s\u2019agit \u00ab\u00a0d\u2019une proc\u00e9dure juridique connue, en vertu de laquelle l\u2019accus\u00e9 n\u2019est pas mis [&hellip;]<\/p>\n","protected":false},"author":1789,"featured_media":0,"comment_status":"closed","ping_status":"closed","sticky":false,"template":"","format":"standard","meta":{"fifu_image_url":"","fifu_image_alt":"","footnotes":""},"categories":[73,55],"tags":[],"class_list":["post-143549","post","type-post","status-publish","format-standard","hentry","category-actualite","category-tunisie"],"_links":{"self":[{"href":"https:\/\/linitiative.ca\/International\/wp-json\/wp\/v2\/posts\/143549","targetHints":{"allow":["GET"]}}],"collection":[{"href":"https:\/\/linitiative.ca\/International\/wp-json\/wp\/v2\/posts"}],"about":[{"href":"https:\/\/linitiative.ca\/International\/wp-json\/wp\/v2\/types\/post"}],"author":[{"embeddable":true,"href":"https:\/\/linitiative.ca\/International\/wp-json\/wp\/v2\/users\/1789"}],"replies":[{"embeddable":true,"href":"https:\/\/linitiative.ca\/International\/wp-json\/wp\/v2\/comments?post=143549"}],"version-history":[{"count":0,"href":"https:\/\/linitiative.ca\/International\/wp-json\/wp\/v2\/posts\/143549\/revisions"}],"wp:attachment":[{"href":"https:\/\/linitiative.ca\/International\/wp-json\/wp\/v2\/media?parent=143549"}],"wp:term":[{"taxonomy":"category","embeddable":true,"href":"https:\/\/linitiative.ca\/International\/wp-json\/wp\/v2\/categories?post=143549"},{"taxonomy":"post_tag","embeddable":true,"href":"https:\/\/linitiative.ca\/International\/wp-json\/wp\/v2\/tags?post=143549"}],"curies":[{"name":"wp","href":"https:\/\/api.w.org\/{rel}","templated":true}]}}