{"id":143553,"date":"2022-03-20T16:10:25","date_gmt":"2022-03-20T20:10:25","guid":{"rendered":"https:\/\/linitiative.ca\/International\/sondage-samuel-etoo-fils-designe-personnalite-preferee-des-africains\/"},"modified":"2022-03-20T16:10:25","modified_gmt":"2022-03-20T20:10:25","slug":"sondage-samuel-etoo-fils-designe-personnalite-preferee-des-africains","status":"publish","type":"post","link":"https:\/\/linitiative.ca\/International\/sondage-samuel-etoo-fils-designe-personnalite-preferee-des-africains\/","title":{"rendered":"Sondage : Samuel Eto\u2019o Fils, d\u00e9sign\u00e9 personnalit\u00e9 pr\u00e9f\u00e9r\u00e9e des africains"},"content":{"rendered":"<div>\n<p><img decoding=\"async\" width=\"2048\" height=\"1970\" src=\"https:\/\/linitiative.ca\/International\/wp-content\/uploads\/sites\/23\/2022\/03\/Samuel-Etoo-Fils.jpg\" class=\"attachment-post-thumbnail size-post-thumbnail wp-post-image\" alt=\"\" loading=\"lazy\" srcset=\"https:\/\/linitiative.ca\/International\/wp-content\/uploads\/sites\/23\/2022\/03\/Samuel-Etoo-Fils.jpg 2048w, https:\/\/www.journalducameroun.com\/wp-content\/uploads\/2021\/07\/Samuel-Etoo-Fils-300x289.jpg 300w, https:\/\/www.journalducameroun.com\/wp-content\/uploads\/2021\/07\/Samuel-Etoo-Fils-768x739.jpg 768w, https:\/\/www.journalducameroun.com\/wp-content\/uploads\/2021\/07\/Samuel-Etoo-Fils-1024x985.jpg 1024w, https:\/\/www.journalducameroun.com\/wp-content\/uploads\/2021\/07\/Samuel-Etoo-Fils-457x440.jpg 457w, https:\/\/www.journalducameroun.com\/wp-content\/uploads\/2021\/07\/Samuel-Etoo-Fils-600x577.jpg 600w\" sizes=\"auto, (max-width: 2048px) 100vw, 2048px\"><\/p>\n<h2 style=\"text-align: justify;\"><strong>Selon un sondage publi\u00e9 par le Courrier Diplomatique, le pr\u00e9sident de la F\u00e9d\u00e9ration camerounaise de football est l\u2019Homme le plus aim\u00e9 du continent. <\/strong><\/h2>\n<p style=\"text-align: justify;\">Samuel Eto\u2019o Fils tr\u00f4ne en t\u00eate du classement des personnalit\u00e9s pr\u00e9f\u00e9r\u00e9es des Africains. La premi\u00e8re place du pr\u00e9sident de la F\u00e9d\u00e9ration camerounaise de football, \u00e2g\u00e9 de 40 ans, r\u00e9pond \u00e0 une logique. Tr\u00e8s populaire sur le continent, sa relation avec les africains est rest\u00e9e tr\u00e8s forte, ce qui fait de lui une v\u00e9ritable ic\u00f4ne.<\/p>\n<p style=\"text-align: justify;\">Le vote 2021 initi\u00e9 par les ONG et membres de la Soci\u00e9t\u00e9 civile africaine, illustre \u00e0 la fois cette diversit\u00e9 et la complexit\u00e9 de la m\u00e9thode. On y trouve des chefs d\u2019Etats, des sportifs, des milliardaires connus pour leur proximit\u00e9 avec les d\u00e9cideurs politiques, ou pour leur engagement \u00e0 la t\u00eate des fondations caritatives, ainsi que des chanteurs au succ\u00e8s plan\u00e9taire<\/p>\n<p style=\"text-align: justify;\">Dans Top 10 rendu public par \u00ab\u00a0Courrier Diplomatique\u00a0\u00bb, un e-magazine international, l\u2019actuel patron de la Fecafoot domine largement le vote avec 87% des suffrages, devant pr\u00e9sident de la transition au Mali le Colonel Assimi Goita. Il est suivi par footballeur international s\u00e9n\u00e9galais Sadio Man\u00e9 (43%). En quatri\u00e8me position, on retrouve le chef de l\u2019Etat rwandais Paul Kagam\u00e9, 41%<\/p>\n<p style=\"text-align: justify;\">L\u2019homme d\u2019affaires nig\u00e9rian Aliko Dangote arrive en cinqui\u00e8me position avec 39%. L\u2019\u00e9conomiste et philanthrope nig\u00e9rian Tony Elumelu est septi\u00e8me dans ce classement, 37%. Cet homme d\u2019affaire nig\u00e9rian est suivi par le Roi du Maroc Mohammed VI, 35%. \u00a0La premi\u00e8re dame du Cameroun Chantal Biya obtient une honorable huiti\u00e8me place, 33%. Le c\u00e9l\u00e8bre artiste musicien congolais Fally Ipupa est neuvi\u00e8me, 29%. Francis Ngannou, le double champion des poids lourds de l\u2019UFC 2021 et 2022 de MMA cl\u00f4ture ce classement, 21%.<\/p>\n<p>Cet article <a rel=\"nofollow\" href=\"https:\/\/www.journalducameroun.com\/sondage-samuel-etoo-fils-designe-personnalite-preferee-des-africains\/\">Sondage : Samuel Eto\u2019o Fils, d\u00e9sign\u00e9 personnalit\u00e9 pr\u00e9f\u00e9r\u00e9e des africains<\/a> est apparu en premier sur <a rel=\"nofollow\" href=\"https:\/\/www.journalducameroun.com\/\">Journal du Cameroun<\/a>.<\/p>\n<\/div>\n<p>Auteur: Emile Zola Nd\u00e9 Tchoussi<br \/>\n<a href=\"https:\/\/www.journalducameroun.com\/sondage-samuel-etoo-fils-designe-personnalite-preferee-des-africains\/\">Cliquez ici pour lire l&rsquo;article depuis sa source.<\/a><\/p>\n","protected":false},"excerpt":{"rendered":"<p>Selon un sondage publi\u00e9 par le Courrier Diplomatique, le pr\u00e9sident de la F\u00e9d\u00e9ration camerounaise de football est l\u2019Homme le plus aim\u00e9 du continent. Samuel Eto\u2019o Fils tr\u00f4ne en t\u00eate du classement des personnalit\u00e9s pr\u00e9f\u00e9r\u00e9es des Africains. La premi\u00e8re place du pr\u00e9sident de la F\u00e9d\u00e9ration camerounaise de football, \u00e2g\u00e9 de 40 ans, r\u00e9pond \u00e0 une logique. [&hellip;]<\/p>\n","protected":false},"author":1965,"featured_media":0,"comment_status":"closed","ping_status":"closed","sticky":false,"template":"","format":"standard","meta":{"fifu_image_url":"https:\/\/www.journalducameroun.com\/wp-content\/uploads\/2021\/07\/Samuel-Etoo-Fils.jpg","fifu_image_alt":"Sondage : Samuel Eto\u2019o Fils, d\u00e9sign\u00e9 personnalit\u00e9 pr\u00e9f\u00e9r\u00e9e des africains","footnotes":""},"categories":[73,82],"tags":[],"class_list":["post-143553","post","type-post","status-publish","format-standard","hentry","category-actualite","category-cameroun"],"_links":{"self":[{"href":"https:\/\/linitiative.ca\/International\/wp-json\/wp\/v2\/posts\/143553","targetHints":{"allow":["GET"]}}],"collection":[{"href":"https:\/\/linitiative.ca\/International\/wp-json\/wp\/v2\/posts"}],"about":[{"href":"https:\/\/linitiative.ca\/International\/wp-json\/wp\/v2\/types\/post"}],"author":[{"embeddable":true,"href":"https:\/\/linitiative.ca\/International\/wp-json\/wp\/v2\/users\/1965"}],"replies":[{"embeddable":true,"href":"https:\/\/linitiative.ca\/International\/wp-json\/wp\/v2\/comments?post=143553"}],"version-history":[{"count":0,"href":"https:\/\/linitiative.ca\/International\/wp-json\/wp\/v2\/posts\/143553\/revisions"}],"wp:attachment":[{"href":"https:\/\/linitiative.ca\/International\/wp-json\/wp\/v2\/media?parent=143553"}],"wp:term":[{"taxonomy":"category","embeddable":true,"href":"https:\/\/linitiative.ca\/International\/wp-json\/wp\/v2\/categories?post=143553"},{"taxonomy":"post_tag","embeddable":true,"href":"https:\/\/linitiative.ca\/International\/wp-json\/wp\/v2\/tags?post=143553"}],"curies":[{"name":"wp","href":"https:\/\/api.w.org\/{rel}","templated":true}]}}