{"id":143555,"date":"2022-03-20T08:57:58","date_gmt":"2022-03-20T12:57:58","guid":{"rendered":"https:\/\/linitiative.ca\/International\/muyali-mary-boya-entre-dans-le-quinte-des-vice-presidents-de-lassemblee-nationale\/"},"modified":"2022-03-20T08:57:58","modified_gmt":"2022-03-20T12:57:58","slug":"muyali-mary-boya-entre-dans-le-quinte-des-vice-presidents-de-lassemblee-nationale","status":"publish","type":"post","link":"https:\/\/linitiative.ca\/International\/muyali-mary-boya-entre-dans-le-quinte-des-vice-presidents-de-lassemblee-nationale\/","title":{"rendered":"Muyali Mary Boya entre dans le quint\u00e9 des vice-pr\u00e9sidents de l\u2019Assembl\u00e9e Nationale"},"content":{"rendered":"<div>\n<p>Muyali Mary Boya a \u00e9t\u00e9 \u00e9lue parmi les 5 vice-pr\u00e9sidents de l\u2019Assembl\u00e9e nationale du Cameroun le vendredi 18 mars 2022. C\u2019\u00e9tait lors de la s\u00e9ance pl\u00e9ni\u00e8re consacr\u00e9e \u00e0 la mise en place du bureau d\u00e9finitif de la chambre basse du parlement. Une cons\u00e9cration pour cette \u00ab\u00a0Lionne\u00a0\u00bb politique. Elle a su \u00eatre patiente dans l\u2019ar\u00e8ne\u00a0; elle a fait ses classes dans l\u2019ombre de son mentor, Ndongo Essomba, le pr\u00e9sident du groupe parlementaire Rdpc\u00a0: \u00ab\u00a0Je suis contente de savoir que notre travail est reconnu par la hi\u00e9rarchie. Je remercie mon mentor, le pr\u00e9sident Ndongo Essomba. Il m\u2019a accompagn\u00e9 et m\u2019a fa\u00e7onn\u00e9 dans le monde de la politique\u00a0\u00bb, se r\u00e9jouit la nouvelle vice-pr\u00e9sidente.<\/p>\n<p>Sourire au coin des l\u00e8vres, elle sait que son choix a \u00e9t\u00e9 rendu possible par le pr\u00e9sident national, Paul Biya. C\u2019est lui qui fixe les grandes lignes du parti des flambeaux. A 61 ans, Muyali Mary Boya epse Meboka gagne en grade et en estime au sein du parlement camerounais. Son parcours force l\u2019admiration de ses coll\u00e8gues au sein de l\u2019h\u00e9micycle. \u00ab\u00a0Il \u00e9tait clair qu\u2019elle devait \u00eatre \u00e9lue. On savait qu\u2019elle devait passer au regard du poste qu\u2019elle occupait d\u00e9j\u00e0\u00a0\u00bb, souligne l\u2019honorable Kumase Simon\u00a0 Powoh, d\u00e9put\u00e9 Rdpc de la circonscription de Mezam-Sud, dans la r\u00e9gion du Nord-Ouest.<\/p>\n<p>Muyali Mary Boya epse Meboka, est\u00a0 vice-pr\u00e9sidente du groupe parlementaire Rdpc depuis 2009 et membre du parlement depuis 2007 sous les couleurs du Rdpc. L\u2019\u00e9lue du Ndian dans la r\u00e9gion du Sud-Ouest s\u2019est forg\u00e9 une place de choix en conduisant des missions au nom de la chambre basse. Elle a conduit par exemple la d\u00e9l\u00e9gation camerounaise dans le cadre du Commonwealth Parliamentary zone Afrique en 2009 [\u2026]. Ing\u00e9nieur en travaux agricole, elle devra mettre d\u00e9sormais tout son savoir-faire au service de l\u2019Assembl\u00e9e nationale.\u00a0 \u00ab\u00a0C\u2019est un nouveau d\u00e9fi. J\u2019invite les populations \u00e0 collaborer avec nous pour qu\u2019on r\u00e9ussisse \u00e0 faire mieux dans la prise en compte de leurs probl\u00e8mes au quotidien \u00bb. Elle a fait des \u00e9tudes au Cameroun et hors du pays. L\u2019honorable Muyali Mary Boya epse Meboka, \u00e9lue de la circonscription du Ndian est une t\u00eate bien faite. Elle remplace \u00e0 ce poste l\u2019honorable Monjowa Lifaka Emilia, d\u00e9c\u00e9d\u00e9e dans la soir\u00e9e du 20 avril 2021.<\/p>\n<p>L\u2019article <a rel=\"nofollow\" href=\"https:\/\/ecomatin.net\/muyali-mary-boya-la-nouvelles-vice-presidente-de-lassemblee-nationale21\/\">Muyali Mary Boya entre dans le quint\u00e9 des vice-pr\u00e9sidents de l\u2019Assembl\u00e9e Nationale<\/a> est apparu en premier sur <a rel=\"nofollow\" href=\"https:\/\/ecomatin.net\/\">EcoMatin<\/a>.<\/p>\n<\/div>\n<p>Auteur: EcoMatin<br \/>\n<a href=\"https:\/\/ecomatin.net\/muyali-mary-boya-la-nouvelles-vice-presidente-de-lassemblee-nationale21\/\">Cliquez ici pour lire l&rsquo;article depuis sa source.<\/a><\/p>\n","protected":false},"excerpt":{"rendered":"<p>Muyali Mary Boya a \u00e9t\u00e9 \u00e9lue parmi les 5 vice-pr\u00e9sidents de l\u2019Assembl\u00e9e nationale du Cameroun le vendredi 18 mars 2022. C\u2019\u00e9tait lors de la s\u00e9ance pl\u00e9ni\u00e8re consacr\u00e9e \u00e0 la mise en place du bureau d\u00e9finitif de la chambre basse du parlement. Une cons\u00e9cration pour cette \u00ab\u00a0Lionne\u00a0\u00bb politique. Elle a su \u00eatre patiente dans l\u2019ar\u00e8ne\u00a0; elle [&hellip;]<\/p>\n","protected":false},"author":1969,"featured_media":0,"comment_status":"closed","ping_status":"closed","sticky":false,"template":"","format":"standard","meta":{"fifu_image_url":"","fifu_image_alt":"","footnotes":""},"categories":[82,78],"tags":[],"class_list":["post-143555","post","type-post","status-publish","format-standard","hentry","category-cameroun","category-economie"],"_links":{"self":[{"href":"https:\/\/linitiative.ca\/International\/wp-json\/wp\/v2\/posts\/143555","targetHints":{"allow":["GET"]}}],"collection":[{"href":"https:\/\/linitiative.ca\/International\/wp-json\/wp\/v2\/posts"}],"about":[{"href":"https:\/\/linitiative.ca\/International\/wp-json\/wp\/v2\/types\/post"}],"author":[{"embeddable":true,"href":"https:\/\/linitiative.ca\/International\/wp-json\/wp\/v2\/users\/1969"}],"replies":[{"embeddable":true,"href":"https:\/\/linitiative.ca\/International\/wp-json\/wp\/v2\/comments?post=143555"}],"version-history":[{"count":0,"href":"https:\/\/linitiative.ca\/International\/wp-json\/wp\/v2\/posts\/143555\/revisions"}],"wp:attachment":[{"href":"https:\/\/linitiative.ca\/International\/wp-json\/wp\/v2\/media?parent=143555"}],"wp:term":[{"taxonomy":"category","embeddable":true,"href":"https:\/\/linitiative.ca\/International\/wp-json\/wp\/v2\/categories?post=143555"},{"taxonomy":"post_tag","embeddable":true,"href":"https:\/\/linitiative.ca\/International\/wp-json\/wp\/v2\/tags?post=143555"}],"curies":[{"name":"wp","href":"https:\/\/api.w.org\/{rel}","templated":true}]}}