{"id":143556,"date":"2022-03-20T12:11:59","date_gmt":"2022-03-20T16:11:59","guid":{"rendered":"https:\/\/linitiative.ca\/International\/cheque-sante-pres-de-49-000-femmes-enceintes-a-enroler-au-nord-en-2022\/"},"modified":"2022-03-20T12:11:59","modified_gmt":"2022-03-20T16:11:59","slug":"cheque-sante-pres-de-49-000-femmes-enceintes-a-enroler-au-nord-en-2022","status":"publish","type":"post","link":"https:\/\/linitiative.ca\/International\/cheque-sante-pres-de-49-000-femmes-enceintes-a-enroler-au-nord-en-2022\/","title":{"rendered":"Ch\u00e8que sant\u00e9\u00a0: pr\u00e8s de 49.000 femmes enceintes \u00e0 enr\u00f4ler au Nord en 2022"},"content":{"rendered":"<div>\n<p>R\u00e9unie pour le bilan des activit\u00e9s d\u2019\u00e9valuation de l\u2019ann\u00e9e 2021 et de projection de celle en cours, la d\u00e9l\u00e9gation r\u00e9gionale de gestion du projet Ch\u00e8que Sant\u00e9 pour le compte de la r\u00e9gion du Nord s\u2019est fix\u00e9 des bases pour am\u00e9liorer la situation n\u00e9onatale dans la r\u00e9gion. Au finish, pr\u00e8s de 48 339 femmes enceintes dont plus de 40 745 femmes enceintes b\u00e9n\u00e9ficiant d\u2019accouchements avec l\u2019assistante de m\u00e9decins qualifi\u00e9s devraient \u00eatre enr\u00f4l\u00e9s en 2022. Pour atteindre ces objectifs, le personnel sanitaire entend \u00e9duquer davantage \u00e0 travers des semaines, les populations du Septentrion sur l\u2019importance de la sant\u00e9 n\u00e9onatale.<\/p>\n<p><strong>Lire aussi :<\/strong> <strong><a href=\"https:\/\/ecomatin.net\/sante-neonatale-et-maternelle-le-septentrion-n-accepte-le-cheque-sante-a-pres-de-80\/\">Sant\u00e9 n\u00e9onatale et maternelle\u00a0: le Septentrion accepte le ch\u00e8que sant\u00e9 \u00e0 pr\u00e8s de 80%<\/a><\/strong><\/p>\n<p>Du rapport de l\u2019ann\u00e9e derni\u00e8re pr\u00e9sent\u00e9 par le chef d\u2019antenne r\u00e9gionale de gestion du projet ch\u00e8que sant\u00e9-Nord, Emmanuel Betsi l\u2019on note que \u00ab\u00a0sur un objectif assign\u00e9 de 39.806 femmes \u00e0 enr\u00f4ler, 28.598 ont pu l\u2019\u00eatre effectivement; soit un taux d\u2019enr\u00f4lement de 72%\u00a0\u00bb. Face \u00e0 ces r\u00e9sultats, \u201c moins de femmes enceintes perdent la vie ces derni\u00e8res ann\u00e9es dans la r\u00e9gion du Nord en donnant la vie\u201d explique Emmanuel Betsi.\u00a0<\/p>\n<p>Aussi, apprend-on qu\u2019en 2021, quelques innovations ont \u00e9t\u00e9 enregistr\u00e9es. Il s\u2019agit de 202 formations sanitaires couvertes par le projet dans les 15 districts de sant\u00e9 de la r\u00e9gion, soit un taux de couverture sanitaire de 70% enregistr\u00e9 au Nord.<\/p>\n<p><strong>Lire aussi :<\/strong> <strong><a href=\"https:\/\/ecomatin.net\/mortalite-maternelle-et-neonatale-le-cheque-sante-premisse-de-la-couverture-sante-universelle\/\">Mortalit\u00e9 maternelle et n\u00e9onatale : le Ch\u00e8que sant\u00e9, pr\u00e9misse de la couverture sant\u00e9 universelle<\/a><\/strong><\/p>\n<p>Au demeurant, le projet ch\u00e8que sant\u00e9 a pour principal but de faciliter l\u2019acc\u00e8s des populations aux soins sanitaires de qualit\u00e9 et, \u00e0 de co\u00fbts moindres avec pour principales cibles les femmes enceintes. Il convient de rappeler que le prix subventionn\u00e9 \u00e0 6.000 Fcfa donnent droit \u00e0 des prestations m\u00e9dicales gratuites allant des consultations pr\u00e9natales, en passant par l\u2019\u00e9chographie de suivi, l\u2019accouchement s\u00e9curis\u00e9 jusqu\u2019au suivi de la m\u00e8re et son enfant apr\u00e8s accouchement jusqu\u2019\u00e0 42 jours.<\/p>\n<p><strong>Lire aussi :<\/strong> <strong><a href=\"https:\/\/ecomatin.net\/sante-la-loi-de-finances-2023-disposera-dune-provision-financiere-pour-la-suite-du-programme-conjoint-minsante-afd-kfw\/\">Sant\u00e9\u00a0: la loi de finances 2023, disposera d\u2019une provision financi\u00e8re pour la suite du programme conjoint Minsant\u00e9\/AFD\/KFW<\/a><\/strong><\/p>\n<p>L\u2019article <a rel=\"nofollow\" href=\"https:\/\/ecomatin.net\/cheque-sante-pres-de-49-000-femmes-enceintes-a-enroler-au-nord-en-2022\/\">Ch\u00e8que sant\u00e9\u00a0: pr\u00e8s de 49.000 femmes enceintes \u00e0 enr\u00f4ler au Nord en 2022<\/a> est apparu en premier sur <a rel=\"nofollow\" href=\"https:\/\/ecomatin.net\/\">EcoMatin<\/a>.<\/p>\n<\/div>\n<p>Auteur: Mairamou Abdou<br \/>\n<a href=\"https:\/\/ecomatin.net\/cheque-sante-pres-de-49-000-femmes-enceintes-a-enroler-au-nord-en-2022\/\">Cliquez ici pour lire l&rsquo;article depuis sa source.<\/a><\/p>\n","protected":false},"excerpt":{"rendered":"<p>R\u00e9unie pour le bilan des activit\u00e9s d\u2019\u00e9valuation de l\u2019ann\u00e9e 2021 et de projection de celle en cours, la d\u00e9l\u00e9gation r\u00e9gionale de gestion du projet Ch\u00e8que Sant\u00e9 pour le compte de la r\u00e9gion du Nord s\u2019est fix\u00e9 des bases pour am\u00e9liorer la situation n\u00e9onatale dans la r\u00e9gion. Au finish, pr\u00e8s de 48 339 femmes enceintes dont [&hellip;]<\/p>\n","protected":false},"author":1969,"featured_media":0,"comment_status":"closed","ping_status":"closed","sticky":false,"template":"","format":"standard","meta":{"fifu_image_url":"","fifu_image_alt":"","footnotes":""},"categories":[82,78],"tags":[],"class_list":["post-143556","post","type-post","status-publish","format-standard","hentry","category-cameroun","category-economie"],"_links":{"self":[{"href":"https:\/\/linitiative.ca\/International\/wp-json\/wp\/v2\/posts\/143556","targetHints":{"allow":["GET"]}}],"collection":[{"href":"https:\/\/linitiative.ca\/International\/wp-json\/wp\/v2\/posts"}],"about":[{"href":"https:\/\/linitiative.ca\/International\/wp-json\/wp\/v2\/types\/post"}],"author":[{"embeddable":true,"href":"https:\/\/linitiative.ca\/International\/wp-json\/wp\/v2\/users\/1969"}],"replies":[{"embeddable":true,"href":"https:\/\/linitiative.ca\/International\/wp-json\/wp\/v2\/comments?post=143556"}],"version-history":[{"count":0,"href":"https:\/\/linitiative.ca\/International\/wp-json\/wp\/v2\/posts\/143556\/revisions"}],"wp:attachment":[{"href":"https:\/\/linitiative.ca\/International\/wp-json\/wp\/v2\/media?parent=143556"}],"wp:term":[{"taxonomy":"category","embeddable":true,"href":"https:\/\/linitiative.ca\/International\/wp-json\/wp\/v2\/categories?post=143556"},{"taxonomy":"post_tag","embeddable":true,"href":"https:\/\/linitiative.ca\/International\/wp-json\/wp\/v2\/tags?post=143556"}],"curies":[{"name":"wp","href":"https:\/\/api.w.org\/{rel}","templated":true}]}}