{"id":143557,"date":"2022-03-21T06:59:30","date_gmt":"2022-03-21T10:59:30","guid":{"rendered":"https:\/\/linitiative.ca\/International\/toutes-les-localites-beneficiaires-electrifiees-dici-juin\/"},"modified":"2022-03-21T06:59:30","modified_gmt":"2022-03-21T10:59:30","slug":"toutes-les-localites-beneficiaires-electrifiees-dici-juin","status":"publish","type":"post","link":"https:\/\/linitiative.ca\/International\/toutes-les-localites-beneficiaires-electrifiees-dici-juin\/","title":{"rendered":"Toutes les localit\u00e9s b\u00e9n\u00e9ficiaires \u00e9lectrifi\u00e9es d\u2019ici juin"},"content":{"rendered":"<div>\n<p><img loading=\"lazy\" decoding=\"async\" width=\"300\" height=\"153\" src=\"https:\/\/linitiative.ca\/International\/wp-content\/uploads\/sites\/23\/2022\/03\/energie-eolienne-300x153-1.jpg\" class=\"attachment-medium size-medium wp-post-image\" alt=\"\" srcset=\"https:\/\/linitiative.ca\/International\/wp-content\/uploads\/sites\/23\/2022\/03\/energie-eolienne-300x153-1.jpg 300w, https:\/\/aujourdhui.ma\/wp-content\/uploads\/2018\/11\/energie-eolienne.jpg 746w\" sizes=\"auto, (max-width: 300px) 100vw, 300px\"><\/p>\n<p><span style=\"color: #800000;\"><strong>Programme int\u00e9gr\u00e9 \u00e9olien, hydraulique et \u00e9lectrification rurale<\/strong><\/span><span id=\"more-402939\"><\/span><\/p>\n<p>La composante de l\u2019\u00e9lectrification rurale du programme \u00e9nerg\u00e9tique int\u00e9gr\u00e9e conduit par le Maroc en partenariat avec la Banque Africaine de d\u00e9veloppement (BAD) est \u00e0 sa derni\u00e8re ligne droite. Toutes les localit\u00e9s b\u00e9n\u00e9ficiaires devront \u00eatre \u00e9lectrifi\u00e9es dans les prochains mois. La date butoir est fix\u00e9e au 30 juin 2022 soit 18 mois avant la date de cl\u00f4ture du projet initialement fix\u00e9e \u00e0 fin 2023. C\u2019est ce que l\u2019on peut retenir d\u2019une \u00e9valuation faite par la Banque Africaine de d\u00e9veloppement qui se r\u00e9jouit par la m\u00eame occasion du d\u00e9ploiement de cette composante. \u00abL\u2019Objectif de D\u00e9veloppement et de l\u2019\u00c9tat d\u2019Ex\u00e9cution sont toutes not\u00e9es tr\u00e8s satisfaisantes et aucun crit\u00e8re d\u2019ex\u00e9cution du projet n\u2019a \u00e9t\u00e9 not\u00e9 insatisfaisant, ce dernier est donc class\u00e9 parmi les op\u00e9rations non potentiellement probl\u00e9matiques de la Banque conform\u00e9ment \u00e0 la m\u00e9thodologie de notation de l\u2019EER (\u00e9tat d\u2019ex\u00e9cution et les r\u00e9sultats)\u00bb, rel\u00e8ve-t-on dans ce sens. La Banque assure dans ce sens que le projet est en tr\u00e8s bonne voie d\u2019atteindre son objectif de d\u00e9veloppement. Sa consistance a \u00e9t\u00e9 actualis\u00e9e et concerne, \u00e0 fin mars 2021, l\u2019\u00e9lectrification par raccordement au r\u00e9seau \u00e9lectrique national, de 3.311 villages regroupant 93.964 foyers relevant de 53 Provinces.<\/p>\n<p>Le bilan dress\u00e9 \u00e0 fin mars fait ressortir un total de 3.172 villages \u00e9lectrifi\u00e9s et 90.121 foyers raccord\u00e9s soit un taux de r\u00e9alisation global de 96\u00a0% aussi bien en termes de villages \u00e9lectrifi\u00e9s qu\u2019en termes de foyers raccord\u00e9s au r\u00e9seau \u00e9lectrique. Il est \u00e0 noter que ce chantier a pour objectif d\u2019am\u00e9liorer les conditions de vie des populations en milieu rurale gr\u00e2ce \u00e0 l\u2019acc\u00e8s \u00e0 l\u2019\u00e9lectricit\u00e9. Il s\u2019inscrit dans le cadre du programme int\u00e9gr\u00e9 \u00e9olien, hydraulique et \u00e9lectrification rurale. Un dispositif qui r\u00e9pond \u00e0 la vision strat\u00e9gique du Maroc d\u2019am\u00e9liorer sa s\u00e9curit\u00e9 \u00e9nerg\u00e9tique, d\u2019assurer l\u2019acc\u00e8s \u00e0 l\u2019\u00e9nergie aux zones rurales, et d\u2019augmenter la part des \u00e9nergies renouvelables et propres, att\u00e9nuant ainsi les effets de sa production d\u2019\u00e9nergie \u00e9lectrique sur le changement climatique. Ce programme devrait ainsi emp\u00eacher l\u2019\u00e9mission de 65 millions de tonnes de CO2 sur toute sa dur\u00e9e de vie.<\/p>\n<p>Il permettrait \u00e9galement une plus grande participation du secteur priv\u00e9 dans la production ind\u00e9pendante d\u2019\u00e9nergie \u00e9olienne, et enfin, contribuerait \u00e0 l\u2019am\u00e9lioration de la balance commerciale du Maroc puisque 97\u00a0% des sources d\u2019\u00e9nergie primaire proviennent actuellement de l\u2019importation. Le programme comprend trois composantes.<br \/>\nDe mani\u00e8re sp\u00e9cifique, le programme b\u00e9n\u00e9ficiera au Gouvernement, \u00e0 l\u2019ONE (Office national de l\u2019\u00e9lectricit\u00e9), aux populations en zones rurale et urbaine du Maroc et contribuera \u00e0 la r\u00e9duction de la croissance des \u00e9missions de gaz \u00e0 effet de serre.<\/p>\n<\/div>\n<p>Auteur: Kawtar Tali<br \/>\n<a href=\"https:\/\/aujourdhui.ma\/economie\/toutes-les-localites-beneficiaires-electrifiees-dici-juin\">Cliquez ici pour lire l&rsquo;article depuis sa source.<\/a><\/p>\n","protected":false},"excerpt":{"rendered":"<p>Programme int\u00e9gr\u00e9 \u00e9olien, hydraulique et \u00e9lectrification rurale La composante de l\u2019\u00e9lectrification rurale du programme \u00e9nerg\u00e9tique int\u00e9gr\u00e9e conduit par le Maroc en partenariat avec la Banque Africaine de d\u00e9veloppement (BAD) est \u00e0 sa derni\u00e8re ligne droite. Toutes les localit\u00e9s b\u00e9n\u00e9ficiaires devront \u00eatre \u00e9lectrifi\u00e9es dans les prochains mois. La date butoir est fix\u00e9e au 30 juin 2022 [&hellip;]<\/p>\n","protected":false},"author":1759,"featured_media":0,"comment_status":"closed","ping_status":"closed","sticky":false,"template":"","format":"standard","meta":{"fifu_image_url":"https:\/\/aujourdhui.ma\/wp-content\/uploads\/2018\/11\/energie-eolienne-300x153.jpg","fifu_image_alt":"Toutes les localit\u00e9s b\u00e9n\u00e9ficiaires \u00e9lectrifi\u00e9es d\u2019ici juin","footnotes":""},"categories":[73,54],"tags":[],"class_list":["post-143557","post","type-post","status-publish","format-standard","hentry","category-actualite","category-maroc"],"_links":{"self":[{"href":"https:\/\/linitiative.ca\/International\/wp-json\/wp\/v2\/posts\/143557","targetHints":{"allow":["GET"]}}],"collection":[{"href":"https:\/\/linitiative.ca\/International\/wp-json\/wp\/v2\/posts"}],"about":[{"href":"https:\/\/linitiative.ca\/International\/wp-json\/wp\/v2\/types\/post"}],"author":[{"embeddable":true,"href":"https:\/\/linitiative.ca\/International\/wp-json\/wp\/v2\/users\/1759"}],"replies":[{"embeddable":true,"href":"https:\/\/linitiative.ca\/International\/wp-json\/wp\/v2\/comments?post=143557"}],"version-history":[{"count":0,"href":"https:\/\/linitiative.ca\/International\/wp-json\/wp\/v2\/posts\/143557\/revisions"}],"wp:attachment":[{"href":"https:\/\/linitiative.ca\/International\/wp-json\/wp\/v2\/media?parent=143557"}],"wp:term":[{"taxonomy":"category","embeddable":true,"href":"https:\/\/linitiative.ca\/International\/wp-json\/wp\/v2\/categories?post=143557"},{"taxonomy":"post_tag","embeddable":true,"href":"https:\/\/linitiative.ca\/International\/wp-json\/wp\/v2\/tags?post=143557"}],"curies":[{"name":"wp","href":"https:\/\/api.w.org\/{rel}","templated":true}]}}