{"id":143559,"date":"2022-03-21T08:00:10","date_gmt":"2022-03-21T12:00:10","guid":{"rendered":"https:\/\/linitiative.ca\/International\/union-arabe-de-lelectricite-le-maroc-reconduit-pour-un-second-mandat\/"},"modified":"2022-03-21T08:00:10","modified_gmt":"2022-03-21T12:00:10","slug":"union-arabe-de-lelectricite-le-maroc-reconduit-pour-un-second-mandat","status":"publish","type":"post","link":"https:\/\/linitiative.ca\/International\/union-arabe-de-lelectricite-le-maroc-reconduit-pour-un-second-mandat\/","title":{"rendered":"Union Arabe de l\u2019\u00e9lectricit\u00e9 : Le Maroc reconduit pour un second mandat"},"content":{"rendered":"<div>\n<p><img loading=\"lazy\" decoding=\"async\" width=\"300\" height=\"153\" src=\"https:\/\/linitiative.ca\/International\/wp-content\/uploads\/sites\/23\/2022\/03\/Hafidi-onee-Union-Arabe-de-leCC81lectriciteCC81-300x153-1.jpg\" class=\"attachment-medium size-medium wp-post-image\" alt=\"\" srcset=\"https:\/\/linitiative.ca\/International\/wp-content\/uploads\/sites\/23\/2022\/03\/Hafidi-onee-Union-Arabe-de-leCC81lectriciteCC81-300x153-1.jpg 300w, https:\/\/aujourdhui.ma\/wp-content\/uploads\/2022\/03\/Hafidi-onee-Union-Arabe-de-le\u0301lectricite\u0301--274x140.jpg 274w, https:\/\/aujourdhui.ma\/wp-content\/uploads\/2022\/03\/Hafidi-onee-Union-Arabe-de-le\u0301lectricite\u0301-.jpg 746w, https:\/\/aujourdhui.ma\/wp-content\/uploads\/2022\/03\/Hafidi-onee-Union-Arabe-de-le\u0301lectricite\u0301--165x84.jpg 165w, https:\/\/aujourdhui.ma\/wp-content\/uploads\/2022\/03\/Hafidi-onee-Union-Arabe-de-le\u0301lectricite\u0301--702x358.jpg 702w\" sizes=\"auto, (max-width: 300px) 100vw, 300px\"><\/p>\n<p><span style=\"font-size: 20px; color: #800000;\"><strong>M. Hafidi a exprim\u00e9, \u00e0 cette occasion, sa gratitude pour les efforts d\u00e9ploy\u00e9s par tous les membres du Conseil pour promouvoir l\u2019action de l\u2019Union et assurer sa continuit\u00e9, les a exhort\u00e9s \u00e0 poursuivre ce travail et \u00e0 s\u2019engager dans le programme fix\u00e9 afin d\u2019achever la mise en \u0153uvre de la strat\u00e9gie de l\u2019Union.<\/strong> <\/span><span id=\"more-402938\"><\/span><\/p>\n<p>Un second mandat pour le Maroc \u00e0 la t\u00eate de l\u2019Union arabe de l\u2019\u00e9lectricit\u00e9 (UAE) pour le cap 2022-2025. Cette reconduction a \u00e9t\u00e9 annonc\u00e9e samedi \u00e0 Doha et ce lors de la 56 \u00e8me session du Conseil d\u2019Administration et la 17 \u00e8me session de l\u2019Assembl\u00e9 g\u00e9n\u00e9rale de l\u2019Union. Le Maroc sera ainsi repr\u00e9sent\u00e9 pour un second mandat cons\u00e9cutif par Abderrahim El Hafidi, directeur g\u00e9n\u00e9ral de l\u2019Office national de l\u2019\u00e9lectricit\u00e9 et de l\u2019Eau potable (ONEE). L\u2019occasion \u00e9tant de rappeler les \u00e9tapes fondamentales de la r\u00e9forme de l\u2019Union, ainsi que le bilan des r\u00e9alisations accomplies pour faire avancer l\u2019action de l\u2019UAE, depuis la r\u00e9union du conseil d\u2019administration tenue en 2018. Intervenant dans ce sens M. Hafidi a exprim\u00e9, \u00e0 cette occasion, sa gratitude pour les efforts d\u00e9ploy\u00e9s par tous les membres du Conseil pour promouvoir l\u2019action de l\u2019Union et assurer sa continuit\u00e9, les a exhort\u00e9s \u00e0 poursuivre ce travail et \u00e0 s\u2019engager dans le programme fix\u00e9 afin d\u2019achever la mise en \u0153uvre de la strat\u00e9gie de l\u2019Union. Il a, par ailleurs, mis l\u2019accent sur le renforcement du r\u00f4le de l\u2019Union.<\/p>\n<p>Cette instance est appel\u00e9e \u00e0 consolider son positionnement mondial \u00e0 l\u2019instar des grandes organisation internationale ainsi que d\u2019\u0153uvrer de mani\u00e8re plus professionnelle et plus efficace.<br \/>\nAbderrahim Hafidi en sa qualit\u00e9 de pr\u00e9sident de l\u2019UAE a rappel\u00e9 dans ce sens la d\u00e9cision prise par les membres du Conseil pour mettre en place une vision strat\u00e9gique \u00e0 moyen et long terme, et un nouveau mod\u00e8le pour le d\u00e9veloppement de l\u2019action de l\u2019Union, \u00e0 travers la r\u00e9alisation d\u2019une \u00e9tude visant \u00e0 restructurer l\u2019Union, par une soci\u00e9t\u00e9 de conseil mondiale, ainsi que la nomination d\u2019un groupe de travail pour le Comit\u00e9 directeur de coordination compos\u00e9 des meilleurs experts des entreprises membres en vue d\u2019accompagner toutes les \u00e9tapes de l\u2019\u00e9tude .<\/p>\n<p><img loading=\"lazy\" decoding=\"async\" class=\"aligncenter size-full wp-image-402941\" src=\"https:\/\/linitiative.ca\/International\/wp-content\/uploads\/sites\/23\/2022\/03\/onee-Union-Arabe-de-leCC81lectriciteCC81-.jpg\" alt=\"\" width=\"746\" height=\"380\" srcset=\"https:\/\/linitiative.ca\/International\/wp-content\/uploads\/sites\/23\/2022\/03\/onee-Union-Arabe-de-leCC81lectriciteCC81-.jpg 746w, https:\/\/aujourdhui.ma\/wp-content\/uploads\/2022\/03\/onee-Union-Arabe-de-le\u0301lectricite\u0301--300x153.jpg 300w, https:\/\/aujourdhui.ma\/wp-content\/uploads\/2022\/03\/onee-Union-Arabe-de-le\u0301lectricite\u0301--274x140.jpg 274w, https:\/\/aujourdhui.ma\/wp-content\/uploads\/2022\/03\/onee-Union-Arabe-de-le\u0301lectricite\u0301--165x84.jpg 165w, https:\/\/aujourdhui.ma\/wp-content\/uploads\/2022\/03\/onee-Union-Arabe-de-le\u0301lectricite\u0301--702x358.jpg 702w\" sizes=\"auto, (max-width: 746px) 100vw, 746px\"><\/p>\n<p>\u00abLe Comit\u00e9 directeur de coordination avait pr\u00e9par\u00e9 un cahier des charges, et d\u00e9sign\u00e9 une soci\u00e9t\u00e9 de conseil internationale pour r\u00e9aliser l\u2019\u00e9tude, enti\u00e8rement financ\u00e9e par le Fonds arabe pour le d\u00e9veloppement \u00e9conomique et social\u00bb, pr\u00e9cise-t-il. Et d\u2019ajouter que \u00able Comit\u00e9 avait tenu une s\u00e9rie de r\u00e9unions avec la soci\u00e9t\u00e9 et les repr\u00e9sentants des membres afin de compl\u00e9ter l\u2019\u00e9tude dans les meilleures conditions\u00bb. M. El Hafidi , par ailleurs , a relev\u00e9 que \u00abl\u2019Union a accompli d\u2019importants progr\u00e8s apr\u00e8s avoir achev\u00e9 l\u2019\u00e9tude dans une ann\u00e9e, faisant savoir que les r\u00e9sultats se concentrent sur la modernisation des structures, des m\u00e9canismes et de l\u2019organisation de l\u2019UAE, ainsi que sur la mise en place d\u2019un syst\u00e8me de gouvernance efficace et \u00e0 la r\u00e9orientation de ses missions et ses objectifs\u00bb. Le responsable a d\u00e9clar\u00e9 que le nouveau mod\u00e8le adopt\u00e9 par l\u2019Union lui permettra de relever les d\u00e9fis du secteur de l\u2019\u00e9lectricit\u00e9, et de contribuer \u00e0 repositionner les entreprises arabes, \u00e0 travers l\u2019Union arabe de l\u2019\u00e9lectricit\u00e9, pour garantir l\u2019approvisionnement des pays arabes en \u00e9lectricit\u00e9, compte tenu de l\u2019ouverture acc\u00e9l\u00e9r\u00e9e du march\u00e9 de l\u2019\u00e9lectricit\u00e9 et de la comp\u00e9titivit\u00e9 au niveau mondial.<br \/>\n\u00abCe mod\u00e8le permettra aussi de transformer le secteur d\u2019un syst\u00e8me qui d\u00e9pend en partie du soutien du gouvernement, \u00e0 un secteur qui fonctionne sur une base commerciale lui permettant d\u2019\u00eatre autonome et d\u2019assurer la stabilit\u00e9 et la durabilit\u00e9\u00bb, explique-t-il.<br \/>\nEn termes de r\u00e9alisations accomplis par l\u2019Union, Abderrahim El Hafidi \u00e9num\u00e8re l\u2019\u00e9laboration d\u2019un plan de travail et d\u2019une feuille de route claire ayant conduit \u00e0 la pr\u00e9paration d\u2019une structure organisationnelle, la modification du statut et du r\u00e8glement int\u00e9rieur, l\u2019adoption d\u2019un nouveau syst\u00e8me financier, la pr\u00e9paration d\u2019une charte claire d\u00e9taillant les missions des comit\u00e9s, le d\u00e9veloppement d\u2019un nouveau syst\u00e8me d\u2019adh\u00e9sion et l\u2019adoption d\u2019un nouveau logo.<br \/>\nDes progr\u00e8s, qui selon le pr\u00e9sident de l\u2019UAE contribueront \u00e0 r\u00e9aliser la vision et les objectifs auxquels aspire l\u2019Union et \u00e0 mettre en \u0153uvre les points approuv\u00e9s par le Conseil d\u2019administration, malgr\u00e9 les circonstances difficiles li\u00e9es \u00e0 la pand\u00e9mie de la Covid-19.<\/p>\n<\/div>\n<p>Auteur: ALM<br \/>\n<a href=\"https:\/\/aujourdhui.ma\/economie\/union-arabe-de-lelectricite-le-maroc-reconduit-pour-un-second-mandat\">Cliquez ici pour lire l&rsquo;article depuis sa source.<\/a><\/p>\n","protected":false},"excerpt":{"rendered":"<p>M. Hafidi a exprim\u00e9, \u00e0 cette occasion, sa gratitude pour les efforts d\u00e9ploy\u00e9s par tous les membres du Conseil pour promouvoir l\u2019action de l\u2019Union et assurer sa continuit\u00e9, les a exhort\u00e9s \u00e0 poursuivre ce travail et \u00e0 s\u2019engager dans le programme fix\u00e9 afin d\u2019achever la mise en \u0153uvre de la strat\u00e9gie de l\u2019Union. Un second [&hellip;]<\/p>\n","protected":false},"author":1759,"featured_media":0,"comment_status":"closed","ping_status":"closed","sticky":false,"template":"","format":"standard","meta":{"fifu_image_url":"https:\/\/aujourdhui.ma\/wp-content\/uploads\/2022\/03\/Hafidi-onee-Union-Arabe-de-le\u0301lectricite\u0301--300x153.jpg","fifu_image_alt":"Union Arabe de l\u2019\u00e9lectricit\u00e9 : Le Maroc reconduit pour un second mandat","footnotes":""},"categories":[73,54],"tags":[],"class_list":["post-143559","post","type-post","status-publish","format-standard","hentry","category-actualite","category-maroc"],"_links":{"self":[{"href":"https:\/\/linitiative.ca\/International\/wp-json\/wp\/v2\/posts\/143559","targetHints":{"allow":["GET"]}}],"collection":[{"href":"https:\/\/linitiative.ca\/International\/wp-json\/wp\/v2\/posts"}],"about":[{"href":"https:\/\/linitiative.ca\/International\/wp-json\/wp\/v2\/types\/post"}],"author":[{"embeddable":true,"href":"https:\/\/linitiative.ca\/International\/wp-json\/wp\/v2\/users\/1759"}],"replies":[{"embeddable":true,"href":"https:\/\/linitiative.ca\/International\/wp-json\/wp\/v2\/comments?post=143559"}],"version-history":[{"count":0,"href":"https:\/\/linitiative.ca\/International\/wp-json\/wp\/v2\/posts\/143559\/revisions"}],"wp:attachment":[{"href":"https:\/\/linitiative.ca\/International\/wp-json\/wp\/v2\/media?parent=143559"}],"wp:term":[{"taxonomy":"category","embeddable":true,"href":"https:\/\/linitiative.ca\/International\/wp-json\/wp\/v2\/categories?post=143559"},{"taxonomy":"post_tag","embeddable":true,"href":"https:\/\/linitiative.ca\/International\/wp-json\/wp\/v2\/tags?post=143559"}],"curies":[{"name":"wp","href":"https:\/\/api.w.org\/{rel}","templated":true}]}}