{"id":143564,"date":"2022-03-21T10:12:08","date_gmt":"2022-03-21T14:12:08","guid":{"rendered":"https:\/\/linitiative.ca\/International\/covid-le-niveau-de-transmission-au-maroc-continue-a-etre-faible-depuis-5-semaines-successives-selon-dr-m-mrabet\/"},"modified":"2022-03-21T10:12:08","modified_gmt":"2022-03-21T14:12:08","slug":"covid-le-niveau-de-transmission-au-maroc-continue-a-etre-faible-depuis-5-semaines-successives-selon-dr-m-mrabet","status":"publish","type":"post","link":"https:\/\/linitiative.ca\/International\/covid-le-niveau-de-transmission-au-maroc-continue-a-etre-faible-depuis-5-semaines-successives-selon-dr-m-mrabet\/","title":{"rendered":"Covid : le niveau de transmission au Maroc continue \u00e0 \u00eatre faible depuis 5 semaines successives, selon Dr M. Mrabet"},"content":{"rendered":"<div>\n<p><img loading=\"lazy\" decoding=\"async\" width=\"300\" height=\"153\" src=\"https:\/\/linitiative.ca\/International\/wp-content\/uploads\/sites\/23\/2022\/03\/Vaccin-covid19-coronavirus-300x153-2.jpg\" class=\"attachment-medium size-medium wp-post-image\" alt=\"\" srcset=\"https:\/\/linitiative.ca\/International\/wp-content\/uploads\/sites\/23\/2022\/03\/Vaccin-covid19-coronavirus-300x153-2.jpg 300w, https:\/\/aujourdhui.ma\/wp-content\/uploads\/2021\/10\/Vaccin-covid19-coronavirus-274x140.jpg 274w, https:\/\/aujourdhui.ma\/wp-content\/uploads\/2021\/10\/Vaccin-covid19-coronavirus.jpg 746w, https:\/\/aujourdhui.ma\/wp-content\/uploads\/2021\/10\/Vaccin-covid19-coronavirus-165x84.jpg 165w, https:\/\/aujourdhui.ma\/wp-content\/uploads\/2021\/10\/Vaccin-covid19-coronavirus-702x358.jpg 702w\" sizes=\"auto, (max-width: 300px) 100vw, 300px\"><\/p>\n<h4>Le niveau de transmission du SARS-CoV-2 au Maroc continue \u00e0 \u00eatre faible depuis 5 semaines successives et la p\u00e9riode post Vague Omicron se poursuit, parall\u00e8lement, pour la 3\u00e8me semaine, a indiqu\u00e9 le coordonnateur du Centre national des op\u00e9rations d\u2019urgence de sant\u00e9 publique, Mouad Mrabet.<\/h4>\n<p><span id=\"more-402945\"><\/span><\/p>\n<p>\u00ab\u00a0Alors que les donn\u00e9es de surveillance de la covid-19 au niveau mondial \u00e9voquent une reprise de l\u2019intensification de la circulation virale dans plusieurs pays d\u2019Europe occidentale, le niveau de transmission du SARS-CoV-2 au Maroc continue \u00e0 \u00eatre faible depuis 5 semaines successives (\u2026) la p\u00e9riode post Vague Omicron se poursuit pour la 3\u00e8me semaine\u00a0\u00bb, a \u00e9crit M. Mrabet dans un commentaire sur la situation \u00e9pid\u00e9miologique au 20 mars, post\u00e9 sur LinkedIn.<\/p>\n<p>Les deux derni\u00e8res semaines ont \u00e9t\u00e9 caract\u00e9ris\u00e9es par des valeurs les plus basses de certains indicateurs depuis le d\u00e9but de la transmission communautaire du SARS-CoV-2 au Maroc, a-t-il ajout\u00e9, faisant \u00e9tat d\u2019une incidence hebdomadaire stagnante de 1.1-1.2 cas\/ 100.000 Hts et d\u2019un taux de positivit\u00e9 hebdomadaire stagnant \u00e0 moins de 1% pour la deuxi\u00e8me semaine malgr\u00e9 la diminution du testing.<\/p>\n<p>Pour ce qui est de l\u2019incidence hebdomadaire de la Covidose grave, elle est entre 1 \u00e0 2 cas \/1 million d\u2019habitants, a not\u00e9 M. Mrabet, soulignant que le nombre de d\u00e9c\u00e8s hebdomadaires est parmi les plus bas durant la phase III de l\u2019\u00e9pid\u00e9mie au Maroc.<\/p>\n<p>La situation \u00e9pid\u00e9miologique actuelle est la meilleure, a-t-il assur\u00e9, soutenant que le risque d\u2019une r\u00e9surgence des cas dans les semaines \u00e0 venir n\u2019est toutefois pas nul vu la situation dans les pays europ\u00e9ens.<\/p>\n<p>La vaccination est tr\u00e8s conseill\u00e9e en cette p\u00e9riode pour pr\u00e9parer notre syst\u00e8me immunitaire \u00e0 une \u00e9ventuelle reprise pendant laquelle le risque de contamination augmente, a estim\u00e9 M. Mrabet, ajoutant que pour r\u00e9duire le risque de Covidose grave, \u00ab\u00a0notre immunit\u00e9 doit \u00eatre pr\u00e9alablement boost\u00e9e\u00a0\u00bb.<\/p>\n<\/div>\n<p>Auteur: ALM<br \/>\n<a href=\"https:\/\/aujourdhui.ma\/actualite\/covid-le-niveau-de-transmission-au-maroc-continue-a-etre-faible-depuis-5-semaines-successives-selon-dr-m-mrabet\">Cliquez ici pour lire l&rsquo;article depuis sa source.<\/a><\/p>\n","protected":false},"excerpt":{"rendered":"<p>Le niveau de transmission du SARS-CoV-2 au Maroc continue \u00e0 \u00eatre faible depuis 5 semaines successives et la p\u00e9riode post Vague Omicron se poursuit, parall\u00e8lement, pour la 3\u00e8me semaine, a indiqu\u00e9 le coordonnateur du Centre national des op\u00e9rations d\u2019urgence de sant\u00e9 publique, Mouad Mrabet. \u00ab\u00a0Alors que les donn\u00e9es de surveillance de la covid-19 au niveau [&hellip;]<\/p>\n","protected":false},"author":1759,"featured_media":0,"comment_status":"closed","ping_status":"closed","sticky":false,"template":"","format":"standard","meta":{"fifu_image_url":"https:\/\/aujourdhui.ma\/wp-content\/uploads\/2021\/10\/Vaccin-covid19-coronavirus-300x153.jpg","fifu_image_alt":"Covid : le niveau de transmission au Maroc continue \u00e0 \u00eatre faible depuis 5 semaines successives, selon Dr M. Mrabet","footnotes":""},"categories":[73,54],"tags":[],"class_list":["post-143564","post","type-post","status-publish","format-standard","hentry","category-actualite","category-maroc"],"_links":{"self":[{"href":"https:\/\/linitiative.ca\/International\/wp-json\/wp\/v2\/posts\/143564","targetHints":{"allow":["GET"]}}],"collection":[{"href":"https:\/\/linitiative.ca\/International\/wp-json\/wp\/v2\/posts"}],"about":[{"href":"https:\/\/linitiative.ca\/International\/wp-json\/wp\/v2\/types\/post"}],"author":[{"embeddable":true,"href":"https:\/\/linitiative.ca\/International\/wp-json\/wp\/v2\/users\/1759"}],"replies":[{"embeddable":true,"href":"https:\/\/linitiative.ca\/International\/wp-json\/wp\/v2\/comments?post=143564"}],"version-history":[{"count":0,"href":"https:\/\/linitiative.ca\/International\/wp-json\/wp\/v2\/posts\/143564\/revisions"}],"wp:attachment":[{"href":"https:\/\/linitiative.ca\/International\/wp-json\/wp\/v2\/media?parent=143564"}],"wp:term":[{"taxonomy":"category","embeddable":true,"href":"https:\/\/linitiative.ca\/International\/wp-json\/wp\/v2\/categories?post=143564"},{"taxonomy":"post_tag","embeddable":true,"href":"https:\/\/linitiative.ca\/International\/wp-json\/wp\/v2\/tags?post=143564"}],"curies":[{"name":"wp","href":"https:\/\/api.w.org\/{rel}","templated":true}]}}