{"id":143572,"date":"2022-03-21T11:11:48","date_gmt":"2022-03-21T15:11:48","guid":{"rendered":"https:\/\/linitiative.ca\/International\/appel-a-accepter-la-double-appartenance-des-marocains-du-monde\/"},"modified":"2022-03-21T11:11:48","modified_gmt":"2022-03-21T15:11:48","slug":"appel-a-accepter-la-double-appartenance-des-marocains-du-monde","status":"publish","type":"post","link":"https:\/\/linitiative.ca\/International\/appel-a-accepter-la-double-appartenance-des-marocains-du-monde\/","title":{"rendered":"Appel \u00e0 accepter la double appartenance des Marocains du Monde"},"content":{"rendered":"<div>\n<div style=\"margin-bottom:20px;\"><img loading=\"lazy\" decoding=\"async\" width=\"750\" height=\"430\" src=\"https:\/\/linitiative.ca\/International\/wp-content\/uploads\/sites\/23\/2022\/03\/Yazami-TMM.jpg\" class=\"attachment-post-thumbnail size-post-thumbnail wp-post-image\" alt=\"\" srcset=\"https:\/\/linitiative.ca\/International\/wp-content\/uploads\/sites\/23\/2022\/03\/Yazami-TMM.jpg 750w, https:\/\/www.mapmarrakech.ma\/map\/uploads\/2022\/03\/Yazami-TMM-300x172.jpg 300w\" sizes=\"auto, (max-width: 750px) 100vw, 750px\"><\/div>\n<p>\u00ab\u00a0Nous devons apprendre \u00e0 accepter et \u00e0 g\u00e9rer cette double appartenance des Marocains du Monde, qui constitue une richesse pour les pays d\u2019accueil et celui d\u2019origine, et nullement un probl\u00e8me\u00a0\u00bb, a soulign\u00e9 M. El Yazami dans une d\u00e9claration \u00e0 M24, la chaine t\u00e9l\u00e9vis\u00e9e de l\u2019information en continu de la MAP, en marge d\u2019une soir\u00e9e de gala organis\u00e9e dans le cadre de la 4\u00e8 \u00e9dition des Troph\u00e9es Marocains du Monde (TMM).<\/p>\n<p>\u00ab\u00a0Il faut s\u2019adapter aux transformations que connaissent les Marocains du Monde. Ces Marocains, surtout ceux qui sont n\u00e9s l\u00e0-bas, appartiennent \u00e0 deux soci\u00e9t\u00e9s : leurs pays d\u2019accueil et leur pays d\u2019origine, le Maroc\u00a0\u00bb, a-t-il expliqu\u00e9.<\/p>\n<p>Dans ce sens, il a insist\u00e9 sur la n\u00e9cessit\u00e9 d&rsquo;\u00a0\u00bb\u00eatre attentifs et d\u2019\u00e9couter les attentes de ces Marocains du Monde, mais aussi de changer les perceptions et les images que nous avons de cette communaut\u00e9 pour renforcer notre partenariat\u00a0\u00bb.<\/p>\n<p>Revenant sur la c\u00e9r\u00e9monie de remise des Troph\u00e9es Marocains du Monde, M. El Yazami, pr\u00e9sident du Jury de cette \u00e9dition, s\u2019est dit \u00ab\u00a0tr\u00e8s heureux\u00a0\u00bb et \u00ab\u00a0tr\u00e8s fier\u00a0\u00bb de participer \u00e0 ce rendez-annuel, qui \u00ab\u00a0confirme les transformations que connaissent les Marocains du Monde, notamment l\u2019\u00e9l\u00e9vation de leur niveau socio-culturel avec l\u2019\u00e9mergence de comp\u00e9tences dans tous les domaines\u00a0\u00bb.<\/p>\n<p>\u00ab\u00a0Nous avons honor\u00e9 des Marocaines et des Marocains dans les domaines de \u00ab\u00a0l\u2019art et culture\u00a0\u00bb, \u00ab\u00a0le sport\u00a0\u00bb, \u00ab\u00a0la politique\u00a0\u00bb, \u00ab\u00a0l\u2019entreprise\u00a0\u00bb, \u00ab\u00a0la recherche scientifique\u00a0\u00bb et \u00ab\u00a0la soci\u00e9t\u00e9 civile\u00a0\u00bb. Ce sont des femmes et des hommes qui nous honorent, qui sont au service de leur pays de r\u00e9sidence et au service du Maroc, tout en \u00e9tant d\u00e9termin\u00e9s \u00e0 contribuer \u00e0 son d\u00e9veloppement\u00a0\u00bb, a-t-il dit.<\/p>\n<p>Dans ce sens, il a salu\u00e9 l\u2019apport de ces Marocains de la diaspora dans le processus du d\u00e9veloppement socio-\u00e9conomique que connait le Royaume. \u00ab\u00a0Nous avons constat\u00e9 ces derni\u00e8res ann\u00e9es plusieurs r\u00e9v\u00e9lateurs de cette contribution, notamment dans l\u2019\u00e9laboration du rapport sur le Nouveau Mod\u00e8le de D\u00e9veloppement (NMD). Leur contribution \u00e9tait visible\u00a0\u00bb, s\u2019est-t-il f\u00e9licit\u00e9, ajoutant que le rapport lui-m\u00eame a \u00ab\u00a0ouvert des voies pour renforcer cette contribution des Marocains du Monde au d\u00e9veloppement du Maroc\u00a0\u00bb.<\/p>\n<p>S\u2019agissant des TMM, il a tenu \u00e0 indiquer que cet \u00e9v\u00e9nement constitue une opportunit\u00e9 pour mettre sur pied un r\u00e9seau des MRE, de mani\u00e8re \u00e0 faciliter les \u00e9changes entre eux, \u00e0 \u00e9tablir et \u00e0 consolider les liens avec le pays d\u2019origine, et \u00eatre en mesure d\u2019identifier les attentes des uns et des autres, dans l\u2019optique de cr\u00e9er des projets communs.<\/p>\n<p>Dans le cadre de cette nouvelle \u00e9dition des TMM, post-Covid-19, six Troph\u00e9es ont \u00e9t\u00e9 d\u00e9cern\u00e9s \u00e0 Mounir Satouri (eurod\u00e9put\u00e9 \u00e9cologiste) dans la cat\u00e9gorie \u00ab\u00a0Politique\u00a0\u00bb, \u00e0 Mohamed El Bachiri (co-auteur du livre \u00ab\u00a0Un jihad de l\u2019amour\u00a0\u00bb) dans la cat\u00e9gorie \u00ab\u00a0Soci\u00e9t\u00e9 Civile\u00a0\u00bb, \u00e0 Sidi Larbi Cherkaoui (chor\u00e9graphe, directeur d\u2019op\u00e9ra, danseur, acteur, sc\u00e9nographe et compositeur) dans la cat\u00e9gorie \u00ab\u00a0Art et Culture\u00a0\u00bb, et \u00e0 Jalil Benabdellah (patron de SD Tech +micro-poudres fines+) dans la cat\u00e9gorie \u00ab\u00a0Entreprise\u00a0\u00bb.<\/p>\n<p>Des troph\u00e9es ont \u00e9t\u00e9 remis aussi \u00e0 Mme Samira Fafi (dipl\u00f4m\u00e9e de Doctorat en pharmacie sp\u00e9cialis\u00e9e\/ biologie m\u00e9dicale et d\u2019un Doctorat en sciences \u00e0 l\u2019Universit\u00e9 de Grenoble) dans la cat\u00e9gorie \u00ab\u00a0Recherche Scientifique\u00a0\u00bb, et \u00e0 la jeune prodige Amira Tahri, cinq fois championne du monde de kickboxing, dans la cat\u00e9gorie \u00ab\u00a0Sport\u00a0\u00bb.<\/p>\n<p>La soir\u00e9e de Gala de cette 4\u00e8 \u00e9dition des TMM a \u00e9t\u00e9 marqu\u00e9e par un vibrant hommage rendu au grand chercheur Moncef Slaoui pour son apport plan\u00e9taire \u00e0 la d\u00e9couverte du vaccin contre le coronavirus, et \u00e0 la chanteuse Neta Elkayam, une ic\u00f4ne de la musique jud\u00e9o-marocaine.<\/p>\n<p>The post <a rel=\"nofollow\" href=\"https:\/\/www.mapmarrakech.ma\/fr\/appel-a-accepter-la-double-appartenance-des-marocains-du-monde\/\">Appel \u00e0 accepter la double appartenance des Marocains du Monde<\/a> appeared first on <a rel=\"nofollow\" href=\"https:\/\/www.mapmarrakech.ma\/fr\">MapMarrakech<\/a>.<\/p>\n<\/div>\n<p>Auteur: Mohammed KOURSI<br \/>\n<a href=\"https:\/\/www.mapmarrakech.ma\/fr\/appel-a-accepter-la-double-appartenance-des-marocains-du-monde\/\">Cliquez ici pour lire l&rsquo;article depuis sa source.<\/a><\/p>\n","protected":false},"excerpt":{"rendered":"<p>\u00ab\u00a0Nous devons apprendre \u00e0 accepter et \u00e0 g\u00e9rer cette double appartenance des Marocains du Monde, qui constitue une richesse pour les pays d\u2019accueil et celui d\u2019origine, et nullement un probl\u00e8me\u00a0\u00bb, a soulign\u00e9 M. El Yazami dans une d\u00e9claration \u00e0 M24, la chaine t\u00e9l\u00e9vis\u00e9e de l\u2019information en continu de la MAP, en marge d\u2019une soir\u00e9e de [&hellip;]<\/p>\n","protected":false},"author":1788,"featured_media":0,"comment_status":"closed","ping_status":"closed","sticky":false,"template":"","format":"standard","meta":{"fifu_image_url":"https:\/\/www.mapmarrakech.ma\/map\/uploads\/2022\/03\/Yazami-TMM.jpg","fifu_image_alt":"Appel \u00e0 accepter la double appartenance des Marocains du Monde","footnotes":""},"categories":[54,76],"tags":[],"class_list":["post-143572","post","type-post","status-publish","format-standard","hentry","category-maroc","category-regions"],"_links":{"self":[{"href":"https:\/\/linitiative.ca\/International\/wp-json\/wp\/v2\/posts\/143572","targetHints":{"allow":["GET"]}}],"collection":[{"href":"https:\/\/linitiative.ca\/International\/wp-json\/wp\/v2\/posts"}],"about":[{"href":"https:\/\/linitiative.ca\/International\/wp-json\/wp\/v2\/types\/post"}],"author":[{"embeddable":true,"href":"https:\/\/linitiative.ca\/International\/wp-json\/wp\/v2\/users\/1788"}],"replies":[{"embeddable":true,"href":"https:\/\/linitiative.ca\/International\/wp-json\/wp\/v2\/comments?post=143572"}],"version-history":[{"count":0,"href":"https:\/\/linitiative.ca\/International\/wp-json\/wp\/v2\/posts\/143572\/revisions"}],"wp:attachment":[{"href":"https:\/\/linitiative.ca\/International\/wp-json\/wp\/v2\/media?parent=143572"}],"wp:term":[{"taxonomy":"category","embeddable":true,"href":"https:\/\/linitiative.ca\/International\/wp-json\/wp\/v2\/categories?post=143572"},{"taxonomy":"post_tag","embeddable":true,"href":"https:\/\/linitiative.ca\/International\/wp-json\/wp\/v2\/tags?post=143572"}],"curies":[{"name":"wp","href":"https:\/\/api.w.org\/{rel}","templated":true}]}}