{"id":143574,"date":"2022-03-21T11:17:55","date_gmt":"2022-03-21T15:17:55","guid":{"rendered":"https:\/\/linitiative.ca\/International\/les-oeuvres-de-monia-abdelali-sous-les-feux-des-projecteurs\/"},"modified":"2022-03-21T11:17:55","modified_gmt":"2022-03-21T15:17:55","slug":"les-oeuvres-de-monia-abdelali-sous-les-feux-des-projecteurs","status":"publish","type":"post","link":"https:\/\/linitiative.ca\/International\/les-oeuvres-de-monia-abdelali-sous-les-feux-des-projecteurs\/","title":{"rendered":"Les oeuvres de Monia Abdelali sous les feux des projecteurs"},"content":{"rendered":"<div>\n<div style=\"margin-bottom:20px;\"><img loading=\"lazy\" decoding=\"async\" width=\"750\" height=\"430\" src=\"https:\/\/linitiative.ca\/International\/wp-content\/uploads\/sites\/23\/2022\/03\/Monia-expo.jpg\" class=\"attachment-post-thumbnail size-post-thumbnail wp-post-image\" alt=\"\" srcset=\"https:\/\/linitiative.ca\/International\/wp-content\/uploads\/sites\/23\/2022\/03\/Monia-expo.jpg 750w, https:\/\/www.mapmarrakech.ma\/map\/uploads\/2022\/03\/Monia-expo-300x172.jpg 300w\" sizes=\"auto, (max-width: 750px) 100vw, 750px\"><\/div>\n<p>Visible jusqu\u2019au 15 avril prochain \u00e0 la Galerie \u00ab\u00a0Noir sur Blanc\u00a0\u00bb, cette exposition sign\u00e9e \u00ab\u00a0Eudaimonia\u00a0\u00bb, offre au public parmi les mordus de l\u2019art sublime et raffin\u00e9, une immersion dans l\u2019univers cr\u00e9atif si singulier et \u00e0 forte vocation philosophique de l\u2019artiste Monia Abdelali, \u00e0 travers la d\u00e9couverte d\u2019une s\u00e9rie de ses \u0153uvres et cr\u00e9ations, \u00e0 la fois, passionnantes, embl\u00e9matiques et hautement color\u00e9es.<\/p>\n<p>Via cette exposition, cette artiste \u00ab\u00a0ouvre un message d\u2019espoir en cette p\u00e9riode complexe, en voulant partager avec son public un \u00e9tat d\u2019esprit, un retour aux sources, un \u00e9change de valeurs humaines et \u00e9cologiques, et un regard sur le monde : Une vision humaniste\u00a0\u00bb.<\/p>\n<p>Ses figurines, libres et d\u00e9complex\u00e9es, se dressent tels des poings lev\u00e9s, telles des sentinelles, arm\u00e9es de bienveillance et de bont\u00e9, et font office de petits soldats portant un message d\u2019espoir, porteurs d\u2019une vie : la vraie.<\/p>\n<p>Autrement, l\u2019artiste fait plonger le public dans un univers de couleurs et de symboles rappelant le Pop\u2019art. Son \u0153uvre oscille entre ironie, provocation et d\u00e9nonciation. L\u2019artiste elle-m\u00eame d\u00e9finit son travail comme \u00ab\u00a0un m\u00e9lange de bande dessin\u00e9e et de psych\u00e9d\u00e9lique\u00a0\u00bb.<\/p>\n<p>Elle s\u2019int\u00e9resse tout particuli\u00e8rement au corps, corps f\u00e9minin, corps masculin, corps longilignes aux bouches \u00e9carlates, cette th\u00e9matique sillonne toute son \u0153uvre.<\/p>\n<p>\u00ab\u00a0Je peins des tableaux, je r\u00e9alise des sculptures, je fais des personnages de bande dessin\u00e9e. Chacun de mes personnages repr\u00e9sente un univers, un pass\u00e9, un pr\u00e9sent avec une projection sur le futur\u00a0\u00bb, a-t-elle d\u00e9clar\u00e9 \u00e0 M24, chaine t\u00e9l\u00e9vis\u00e9e de l\u2019information en continu de la MAP, notant qu\u2019elle travaille avec des couleurs gaies (\u2026.) comme pour souligner l\u2019espoir de l\u2019humanit\u00e9\u00a0\u00bb.<\/p>\n<p>Tout en rappelant qu\u2019elle a appris son art gr\u00e2ce \u00e0 plusieurs professeurs fran\u00e7ais, am\u00e9ricains et jama\u00efcains, Monia Abdelali a fait part de son amour et sa passion pour le m\u00e9lange des cultures arabo-africaine et occidentale, notamment la culture marocaine.<\/p>\n<p>\u00ab\u00a0J\u2019expose une partie de mon nouveau travail apr\u00e8s 2 ans de pure folie o\u00f9, j\u2019ai v\u00e9cu avec des personnages qui prirent forme dans ma t\u00eate puis en trois dimensions\u00a0\u00bb, explique Mme Abdelali, rappelant qu\u2019elle avait l\u2019habitude de gribouiller des textes, des notes, des pens\u00e9es puis, de rassembler tout \u00e7a pour cr\u00e9er un monde.<\/p>\n<p>N\u00e9e au Maroc en 1964, Monia Abdelali a suivi une formation de peinture \u00e0 l\u2019atelier de Cl\u00e8ves \u00e0 Toulouse. De plusieurs r\u00e9sidences d\u2019artistes en Floride aux USA et en Jama\u00efque, elle garde un sens de la couleur vive qui convient \u00e0 ses th\u00e9matiques de pr\u00e9dilections exprim\u00e9es en peinture et en sculpture.<\/p>\n<p>The post <a rel=\"nofollow\" href=\"https:\/\/www.mapmarrakech.ma\/fr\/les-oeuvres-de-monia-abdelali-sous-les-feux-des-projecteurs\/\">Les oeuvres de Monia Abdelali sous les feux des projecteurs<\/a> appeared first on <a rel=\"nofollow\" href=\"https:\/\/www.mapmarrakech.ma\/fr\">MapMarrakech<\/a>.<\/p>\n<\/div>\n<p>Auteur: Mohammed KOURSI<br \/>\n<a href=\"https:\/\/www.mapmarrakech.ma\/fr\/les-oeuvres-de-monia-abdelali-sous-les-feux-des-projecteurs\/\">Cliquez ici pour lire l&rsquo;article depuis sa source.<\/a><\/p>\n","protected":false},"excerpt":{"rendered":"<p>Visible jusqu\u2019au 15 avril prochain \u00e0 la Galerie \u00ab\u00a0Noir sur Blanc\u00a0\u00bb, cette exposition sign\u00e9e \u00ab\u00a0Eudaimonia\u00a0\u00bb, offre au public parmi les mordus de l\u2019art sublime et raffin\u00e9, une immersion dans l\u2019univers cr\u00e9atif si singulier et \u00e0 forte vocation philosophique de l\u2019artiste Monia Abdelali, \u00e0 travers la d\u00e9couverte d\u2019une s\u00e9rie de ses \u0153uvres et cr\u00e9ations, \u00e0 la [&hellip;]<\/p>\n","protected":false},"author":1788,"featured_media":0,"comment_status":"closed","ping_status":"closed","sticky":false,"template":"","format":"standard","meta":{"fifu_image_url":"https:\/\/www.mapmarrakech.ma\/map\/uploads\/2022\/03\/Monia-expo.jpg","fifu_image_alt":"Les oeuvres de Monia Abdelali sous les feux des projecteurs","footnotes":""},"categories":[54,76],"tags":[],"class_list":["post-143574","post","type-post","status-publish","format-standard","hentry","category-maroc","category-regions"],"_links":{"self":[{"href":"https:\/\/linitiative.ca\/International\/wp-json\/wp\/v2\/posts\/143574","targetHints":{"allow":["GET"]}}],"collection":[{"href":"https:\/\/linitiative.ca\/International\/wp-json\/wp\/v2\/posts"}],"about":[{"href":"https:\/\/linitiative.ca\/International\/wp-json\/wp\/v2\/types\/post"}],"author":[{"embeddable":true,"href":"https:\/\/linitiative.ca\/International\/wp-json\/wp\/v2\/users\/1788"}],"replies":[{"embeddable":true,"href":"https:\/\/linitiative.ca\/International\/wp-json\/wp\/v2\/comments?post=143574"}],"version-history":[{"count":0,"href":"https:\/\/linitiative.ca\/International\/wp-json\/wp\/v2\/posts\/143574\/revisions"}],"wp:attachment":[{"href":"https:\/\/linitiative.ca\/International\/wp-json\/wp\/v2\/media?parent=143574"}],"wp:term":[{"taxonomy":"category","embeddable":true,"href":"https:\/\/linitiative.ca\/International\/wp-json\/wp\/v2\/categories?post=143574"},{"taxonomy":"post_tag","embeddable":true,"href":"https:\/\/linitiative.ca\/International\/wp-json\/wp\/v2\/tags?post=143574"}],"curies":[{"name":"wp","href":"https:\/\/api.w.org\/{rel}","templated":true}]}}