{"id":143578,"date":"2022-03-20T19:50:10","date_gmt":"2022-03-20T23:50:10","guid":{"rendered":"https:\/\/linitiative.ca\/International\/oriental-tenue-a-oujda-des-assises-regionales-du-pacte-esri-2030\/"},"modified":"2022-03-20T19:50:10","modified_gmt":"2022-03-20T23:50:10","slug":"oriental-tenue-a-oujda-des-assises-regionales-du-pacte-esri-2030","status":"publish","type":"post","link":"https:\/\/linitiative.ca\/International\/oriental-tenue-a-oujda-des-assises-regionales-du-pacte-esri-2030\/","title":{"rendered":"Oriental : Tenue \u00e0 Oujda des Assises r\u00e9gionales du PACTE ESRI 2030"},"content":{"rendered":"<div>\n<div style=\"margin-bottom:20px;\"><img loading=\"lazy\" decoding=\"async\" width=\"750\" height=\"430\" src=\"https:\/\/linitiative.ca\/International\/wp-content\/uploads\/sites\/23\/2022\/03\/Assises-rC3A9gionales-PACTE-ESRI-2030-750C397430-MAP-1.jpg\" class=\"attachment-post-thumbnail size-post-thumbnail wp-post-image\" alt=\"\" srcset=\"https:\/\/linitiative.ca\/International\/wp-content\/uploads\/sites\/23\/2022\/03\/Assises-rC3A9gionales-PACTE-ESRI-2030-750C397430-MAP-1.jpg 750w, https:\/\/www.mapoujda.ma\/map\/uploads\/2022\/03\/Assises-r\u00e9gionales-PACTE-ESRI-2030-750\u00d7430-MAP-1-300x172.jpg 300w\" sizes=\"auto, (max-width: 750px) 100vw, 750px\"><\/div>\n<p style=\"text-align: justify;\" align=\"justify\">Les Assises r\u00e9gionales de l\u2019Oriental du Plan national d\u2019acc\u00e9l\u00e9ration de la transformation de l\u2019\u00e9cosyst\u00e8me de l\u2019enseignement sup\u00e9rieur, de la recherche scientifique et de l\u2019innovation (PACTE SRI 2030), se sont tenues dimanche \u00e0 Oujda.<\/p>\n<p style=\"text-align: justify;\" align=\"justify\">Ces Assises dont la premi\u00e8re \u00e9tape s\u2019est d\u00e9roul\u00e9e au niveau de la r\u00e9gion de B\u00e9ni Mellal-Kh\u00e9nifra, et la deuxi\u00e8me \u00e0 Souss-Massa, s\u2019inscrivent dans le cadre d\u2019une d\u00e9marche de co-construction du PACTESRI 2030 qui vise \u00e0 doter le Royaume d\u2019une universit\u00e9 r\u00e9nov\u00e9e, durable et adapt\u00e9e aux besoins des \u00e9tudiants et des territoires.<\/p>\n<p style=\"text-align: justify;\" align=\"justify\">Intervenant \u00e0 cette occasion, le ministre de l\u2019Enseignement sup\u00e9rieur, de la recherche scientifique et de l\u2019innovation, Abdellatif Miraoui a indiqu\u00e9 que ces Assises sont l\u2019aboutissement de plusieurs rencontres de concertation qui se sont tenues avec la participation des diff\u00e9rents acteurs concern\u00e9s par le syst\u00e8me \u00e9ducatif au niveau de la r\u00e9gion, notant que ces consultations\u00a0ont \u00e9t\u00e9 ax\u00e9es sur la r\u00e9alit\u00e9 de l\u2019Universit\u00e9 \u00e0 l\u2019Oriental, ainsi que sur les moyens de valoriser son r\u00f4le en tant que le levier pour le d\u00e9veloppement global et durable.<\/p>\n<p style=\"text-align: justify;\" align=\"justify\">La cons\u00e9cration d\u2019un nouveau mod\u00e8le universitaire demeure tributaire de la mise en place de p\u00f4les universitaires aux standards internationaux qui offrent un cadre propice \u00e0 l\u2019excellence et au d\u00e9veloppement des comp\u00e9tences des \u00e9tudiants, a fait observer le ministre, mettant en avant le r\u00f4le de premier plan jou\u00e9 par l\u2019universit\u00e9 dans le domaine du d\u00e9veloppement r\u00e9gional.<\/p>\n<p style=\"text-align: justify;\" align=\"justify\">Le mod\u00e8le de l\u2019Universit\u00e9 de demain n\u00e9cessite davantage d\u2019ouverture du syst\u00e8me de l\u2019enseignement sup\u00e9rieur sur son environnement r\u00e9gional et local, a insist\u00e9 le ministre, soulignant l\u2019importance d\u2019assoir des partenariats de nouvelle g\u00e9n\u00e9ration.<\/p>\n<p style=\"text-align: justify;\" align=\"justify\">Pour sa part, le Wali de la r\u00e9gion de l\u2019Oriental, gouverneur de la pr\u00e9fecture d\u2019Oujda-Angad, Mouad El Jamai a fait remarquer que le Sch\u00e9ma r\u00e9gional d\u2019am\u00e9nagement du territoire (SRAT) de la r\u00e9gion de l\u2019Oriental , est bas\u00e9 essentiellement sur une strat\u00e9gie qui va de pair avec ce pacte ambitieux, en englobant plus de 20 projets \u00e0 m\u00eame de mettre en place un climat propice pour la formation des comp\u00e9tences de demain et am\u00e9liorer leurs savoirs et savoir- faire.<\/p>\n<p style=\"text-align: justify;\" align=\"justify\">De son c\u00f4t\u00e9, le pr\u00e9sident de la r\u00e9gion, Abdenbi Bioui a mis en avant l\u2019approche participative adopt\u00e9e dans le cadre de ce pacte qui inclut les diff\u00e9rents acteurs et partenaires, tout en louant le r\u00f4le du secteur de l\u2019enseignement sup\u00e9rieur, de la recherche scientifique et de l\u2019innovation dans le d\u00e9veloppement durable et la consolidation des objectifs de la r\u00e9gionalisation avanc\u00e9e et du Nouveau mod\u00e8le de d\u00e9veloppement.<\/p>\n<p style=\"text-align: justify;\" align=\"justify\">Le pr\u00e9sident\u00a0de l\u2019Universit\u00e9 Mohammed Premier (UMP) d\u2019Oujda, Yassine Zarhloule\u00a0\u00a0quant \u00e0 lui a rappel\u00e9 l\u2019imp\u00e9ratif de lier l\u2019enseignement sup\u00e9rieur au quotidien de citoyens de mani\u00e8re \u00e0 faire de l\u2019Universit\u00e9 un acteur central contribuant \u00e0 l\u2019am\u00e9lioration des comp\u00e9tences et du rendement des individus au sein de leur soci\u00e9t\u00e9.<\/p>\n<p style=\"text-align: justify;\" align=\"justify\">Lors de ces Assises, quatre tables rondes ont \u00e9t\u00e9 organis\u00e9es\u00a0 pour favoriser les \u00e9changes et la co-construction entre les diff\u00e9rentes parties prenantes autour des th\u00e9matiques de l\u2019inclusion territoriale et le d\u00e9veloppement int\u00e9gr\u00e9, l\u2019inclusion \u00e9conomique et la comp\u00e9titivit\u00e9, l\u2019inclusion sociale et durable et l\u2019excellence acad\u00e9mique et scientifique.<\/p>\n<p style=\"text-align: justify;\" align=\"justify\">Lors de ce conclave, il a \u00e9t\u00e9 proc\u00e9d\u00e9 \u00e0 la signature de plusieurs conventions entre l\u2019Universit\u00e9 et ses partenaires \u00e9conomiques, r\u00e9gionaux, ainsi que des acteurs de la soci\u00e9t\u00e9 civile.<\/p>\n<p style=\"text-align: justify;\" align=\"justify\">Cet \u00e9v\u00e8nement couronne les travaux et le bilan des rencontres consultatives organis\u00e9es par l\u2019universit\u00e9 .Ces derni\u00e8res ont concern\u00e9 aussi bien les intervenants de l\u2019\u00e9cosyst\u00e8me universitaire (enseignants-chercheurs, personnel administratif et technique et \u00e9tudiants), que les diff\u00e9rents partenaires notamment les acteurs \u00e9conomiques, r\u00e9gionaux et sociaux.<\/p>\n<p style=\"text-align: justify;\" align=\"justify\">L\u2019objectif \u00e9tant de mobiliser l\u2019intelligence collective pour l\u2019\u00e9dification d\u2019un nouveau mod\u00e8le de l\u2019Universit\u00e9 marocaine.<\/p>\n<p style=\"text-align: justify;\" align=\"justify\">Les recommandations issues de ces assises, ainsi que de celles programm\u00e9es entre mars et\u00a0 mai 2022, seront consolid\u00e9es dans un rapport de synth\u00e8se g\u00e9n\u00e9ral qui fera l\u2019objet de discussion des Assises Nationales d\u00e9di\u00e9es au lancement du PACTE ESRI 2030.<\/p>\n<p>L\u2019article <a rel=\"nofollow\" href=\"https:\/\/www.mapoujda.ma\/fr\/oriental-tenue-a-oujda-des-assises-regionales-du-pacte-esri-2030\/\">Oriental : Tenue \u00e0 Oujda des Assises r\u00e9gionales du PACTE ESRI 2030<\/a> est apparu en premier sur <a rel=\"nofollow\" href=\"https:\/\/www.mapoujda.ma\/fr\">MapOujda<\/a>.<\/p>\n<\/div>\n<p>Auteur: Soufiane ELAHMAR<br \/>\n<a href=\"https:\/\/www.mapoujda.ma\/fr\/oriental-tenue-a-oujda-des-assises-regionales-du-pacte-esri-2030\/\">Cliquez ici pour lire l&rsquo;article depuis sa source.<\/a><\/p>\n","protected":false},"excerpt":{"rendered":"<p>Les Assises r\u00e9gionales de l\u2019Oriental du Plan national d\u2019acc\u00e9l\u00e9ration de la transformation de l\u2019\u00e9cosyst\u00e8me de l\u2019enseignement sup\u00e9rieur, de la recherche scientifique et de l\u2019innovation (PACTE SRI 2030), se sont tenues dimanche \u00e0 Oujda. Ces Assises dont la premi\u00e8re \u00e9tape s\u2019est d\u00e9roul\u00e9e au niveau de la r\u00e9gion de B\u00e9ni Mellal-Kh\u00e9nifra, et la deuxi\u00e8me \u00e0 Souss-Massa, s\u2019inscrivent [&hellip;]<\/p>\n","protected":false},"author":1788,"featured_media":0,"comment_status":"closed","ping_status":"closed","sticky":false,"template":"","format":"standard","meta":{"fifu_image_url":"https:\/\/www.mapoujda.ma\/map\/uploads\/2022\/03\/Assises-r\u00e9gionales-PACTE-ESRI-2030-750\u00d7430-MAP-1.jpg","fifu_image_alt":"Oriental : Tenue \u00e0 Oujda des Assises r\u00e9gionales du PACTE ESRI 2030","footnotes":""},"categories":[54,76],"tags":[],"class_list":["post-143578","post","type-post","status-publish","format-standard","hentry","category-maroc","category-regions"],"_links":{"self":[{"href":"https:\/\/linitiative.ca\/International\/wp-json\/wp\/v2\/posts\/143578","targetHints":{"allow":["GET"]}}],"collection":[{"href":"https:\/\/linitiative.ca\/International\/wp-json\/wp\/v2\/posts"}],"about":[{"href":"https:\/\/linitiative.ca\/International\/wp-json\/wp\/v2\/types\/post"}],"author":[{"embeddable":true,"href":"https:\/\/linitiative.ca\/International\/wp-json\/wp\/v2\/users\/1788"}],"replies":[{"embeddable":true,"href":"https:\/\/linitiative.ca\/International\/wp-json\/wp\/v2\/comments?post=143578"}],"version-history":[{"count":0,"href":"https:\/\/linitiative.ca\/International\/wp-json\/wp\/v2\/posts\/143578\/revisions"}],"wp:attachment":[{"href":"https:\/\/linitiative.ca\/International\/wp-json\/wp\/v2\/media?parent=143578"}],"wp:term":[{"taxonomy":"category","embeddable":true,"href":"https:\/\/linitiative.ca\/International\/wp-json\/wp\/v2\/categories?post=143578"},{"taxonomy":"post_tag","embeddable":true,"href":"https:\/\/linitiative.ca\/International\/wp-json\/wp\/v2\/tags?post=143578"}],"curies":[{"name":"wp","href":"https:\/\/api.w.org\/{rel}","templated":true}]}}