{"id":143580,"date":"2022-03-21T12:38:45","date_gmt":"2022-03-21T16:38:45","guid":{"rendered":"https:\/\/linitiative.ca\/International\/le-cro-signe-trois-accords-de-soutien-a-la-recherche-scientifique\/"},"modified":"2022-03-21T12:38:45","modified_gmt":"2022-03-21T16:38:45","slug":"le-cro-signe-trois-accords-de-soutien-a-la-recherche-scientifique","status":"publish","type":"post","link":"https:\/\/linitiative.ca\/International\/le-cro-signe-trois-accords-de-soutien-a-la-recherche-scientifique\/","title":{"rendered":"Le CRO signe trois accords de soutien \u00e0 la recherche scientifique"},"content":{"rendered":"<div>\n<div style=\"margin-bottom:20px;\"><img loading=\"lazy\" decoding=\"async\" width=\"750\" height=\"430\" src=\"https:\/\/linitiative.ca\/International\/wp-content\/uploads\/sites\/23\/2022\/03\/signature-convention-750C397430-MAPARCHIVE.jpg\" class=\"attachment-post-thumbnail size-post-thumbnail wp-post-image\" alt=\"\" srcset=\"https:\/\/linitiative.ca\/International\/wp-content\/uploads\/sites\/23\/2022\/03\/signature-convention-750C397430-MAPARCHIVE.jpg 750w, https:\/\/www.mapoujda.ma\/map\/uploads\/2021\/10\/signature-convention-750\u00d7430-MAPARCHIVE-300x172.jpg 300w\" sizes=\"auto, (max-width: 750px) 100vw, 750px\"><\/div>\n<p style=\"text-align: justify;\">Les travaux des Assises r\u00e9gionales de l\u2019Oriental du Plan national d\u2019acc\u00e9l\u00e9ration de la transformation de l\u2019\u00e9cosyst\u00e8me de l\u2019enseignement sup\u00e9rieur, de la recherche scientifique et de l\u2019innovation (PACTESRI 2030), tenues dimanche \u00e0 Oujda, ont \u00e9t\u00e9 marqu\u00e9es par la signature de trois accords visant \u00e0 soutenir la recherche scientifique sur le plan r\u00e9gional.<\/p>\n<p style=\"text-align: justify;\">Sign\u00e9s par le Conseil de la r\u00e9gion de l\u2019Oriental, ces accords portent sur le d\u00e9veloppement d\u2019un programme de formation et d\u2019insertion dans les m\u00e9tiers du num\u00e9rique au niveau r\u00e9gional, la cr\u00e9ation de la Maison de l\u2019Afrique, l\u2019appui \u00e0 la recherche scientifique appliqu\u00e9e et la promotion de la mobilit\u00e9 des \u00e9tudiants.<\/p>\n<p style=\"text-align: justify;\">Selon un communiqu\u00e9 du Conseil de la r\u00e9gion de l\u2019Oriental, ces Assises ont \u00e9t\u00e9 pr\u00e9sid\u00e9es par le ministre de l\u2019Enseignement sup\u00e9rieur, de la Recherche scientifique et de l\u2019Innovation, Abdellatif Miraoui, en pr\u00e9sence du pr\u00e9sident du Conseil r\u00e9gional, Abdenbi Bioui, du wali de la r\u00e9gion de l\u2019Oriental, gouverneur de la pr\u00e9fecture d\u2019Oujda-Angad, Mouad El Jamai, du pr\u00e9sident de l\u2019Universit\u00e9 Mohammed Premier (UMP) d\u2019Oujda, Yassine Zarhloule, des gouverneurs des provinces de la r\u00e9gion, d\u2019\u00e9lus, des chefs des services d\u00e9concentr\u00e9s\u00a0et d\u2019autres personnalit\u00e9s.<\/p>\n<p style=\"text-align: justify;\">Intervenant \u00e0 cette occasion, M. Bioui a indiqu\u00e9 que \u00ab\u00a0le Conseil de la r\u00e9gion place les questions de l\u2019enseignement sup\u00e9rieur, de la recherche scientifique et de l\u2019innovation parmi ses grandes pr\u00e9occupations\u00a0\u00bb, affirmant l\u2019adh\u00e9sion active de cette instance \u00e0 la dynamique li\u00e9e au Plan national d\u2019acc\u00e9l\u00e9ration de la transformation de l\u2019\u00e9cosyst\u00e8me de l\u2019ESRI.<\/p>\n<p style=\"text-align: justify;\">Le pr\u00e9sident du Conseil de la r\u00e9gion de l\u2019Oriental s\u2019est f\u00e9licit\u00e9 de cette rencontre consultative qui s\u2019inscrit dans le cadre des efforts fournis pour d\u00e9velopper ce secteur strat\u00e9gique et relever les enjeux du Nouveau mod\u00e8le de d\u00e9veloppement, selon une approche participative prenant en consid\u00e9ration les moyens et les sp\u00e9cificit\u00e9s, afin de pouvoir relever le d\u00e9fi du d\u00e9veloppement durable et d\u00e9passer les contraintes.<\/p>\n<p style=\"text-align: justify;\">Bioui a salu\u00e9 les recommandations et les conclusions de la rencontre consultative r\u00e9gionale accueillie par le Conseil de la r\u00e9gion en f\u00e9vrier dernier, mettant en exergue la prise en compte de la dimension territoriale dans l\u2019organisation de ces Assises, ainsi que les valeurs et les fondements adopt\u00e9s par le Plan national d\u2019acc\u00e9l\u00e9ration de la transformation de l\u2019\u00e9cosyst\u00e8me de l\u2019ESRI en vue de garantir les conditions de l\u2019\u00e9dification collective d\u2019un nouveau mod\u00e8le de l\u2019universit\u00e9 marocaine.<\/p>\n<p style=\"text-align: justify;\">Le communiqu\u00e9 indique que les trois accords ont \u00e9t\u00e9 sign\u00e9s par le pr\u00e9sident du Conseil de la r\u00e9gion de l\u2019Oriental, le wali de la r\u00e9gion de l\u2019Oriental, gouverneur de la pr\u00e9fecture d\u2019Oujda-Angad, le directeur de l\u2019Office national des \u0153uvres universitaires sociales et culturelles, Noureddine Thami, le pr\u00e9sident de l\u2019UMP d\u2019Oujda et d\u2019autres partenaires.<\/p>\n<p style=\"text-align: justify;\">La m\u00eame source souligne que la signature de ces accords intervient conform\u00e9ment aux Hautes Orientations Royales concernant l\u2019adoption d\u2019une nouvelle approche de gouvernance territoriale et d\u2019un syst\u00e8me d\u00e9mocratique de gestion de la chose locale fond\u00e9 sur la r\u00e9alisation d\u2019un d\u00e9veloppement \u00e9conomique et social int\u00e9gr\u00e9.<\/p>\n<p style=\"text-align: justify;\">L\u2019accord portant sur le d\u00e9veloppement d\u2019un programme de formation et d\u2019insertion dans les m\u00e9tiers du num\u00e9rique a \u00e9t\u00e9 sign\u00e9 par le pr\u00e9sident du Conseil de la r\u00e9gion de l\u2019Oriental, le wali de la r\u00e9gion de l\u2019Oriental, gouverneur de la pr\u00e9fecture d\u2019Oujda-Angad, le directeur de l\u2019Agence de l\u2019Oriental, le directeur g\u00e9n\u00e9ral du Centre r\u00e9gional d\u2019investissement (CRI), le pr\u00e9sident de l\u2019UMP, ainsi que les repr\u00e9sentants de l\u2019Organisation des cit\u00e9s et gouvernements locaux Unis d\u2019Afrique et de l\u2019entreprise \u00ab\u00a0Talent Africa Sa01\u00a0\u00bb.<\/p>\n<p style=\"text-align: justify;\">Cet accord a pour objet de contribuer au renforcement de l\u2019attractivit\u00e9 de l\u2019Oriental dans le domaine num\u00e9rique et de concr\u00e9tiser la volont\u00e9 des parties signataires de d\u00e9velopper l\u2019employabilit\u00e9 du secteur num\u00e9rique au niveau de cette r\u00e9gion.<\/p>\n<p style=\"text-align: justify;\">Il ambitionne, dans ce cadre, la cr\u00e9ation de pr\u00e8s de 2.000 emplois locaux directs dans les m\u00e9tiers ayant trait aux technologies num\u00e9riques et avanc\u00e9es, la mise en place d\u2019un mod\u00e8le \u00e9ducatif et social innovant dans la r\u00e9gion et d\u2019une offre p\u00e9dagogique destin\u00e9e aux jeunes avec de fortes potentialit\u00e9s de d\u00e9veloppement dans les m\u00e9tiers du num\u00e9rique et la r\u00e9duction du taux de ch\u00f4mage, notamment dans les zones vuln\u00e9rables.<\/p>\n<p style=\"text-align: justify;\">L\u2019accord de partenariat et de coop\u00e9ration sur la cr\u00e9ation de la Maison de l\u2019Afrique, ainsi que l\u2019extension et l\u2019am\u00e9nagement du complexe sportif de l\u2019UMP d\u2019Oujda a \u00e9t\u00e9 sign\u00e9 par le pr\u00e9sident de la r\u00e9gion de l\u2019Oriental, le wali de la r\u00e9gion de l\u2019Oriental, gouverneur de la pr\u00e9fecture d\u2019Oujda-Angad et le directeur de l\u2019Office national des \u0153uvres universitaires sociales et culturelles.<\/p>\n<p style=\"text-align: justify;\">Ce cadre de coop\u00e9ration d\u00e9finit les interventions, les engagements et les contributions des diff\u00e9rents partenaires pour la r\u00e9alisation du projet de construction d\u2019un centre des \u00e9tudes africaines, d\u2019une cit\u00e9 universitaire pour l\u2019accueil des \u00e9tudiants africains et marocains et d\u2019installations sportives, ainsi que pour l\u2019am\u00e9nagement d\u2019autres infrastructures et du complexe sportif de l\u2019universit\u00e9.<\/p>\n<p style=\"text-align: justify;\">Quant \u00e0 l\u2019accord de soutien \u00e0 la recherche scientifique appliqu\u00e9e et de promotion de la mobilit\u00e9 des \u00e9tudiants, il a \u00e9t\u00e9 sign\u00e9 par le pr\u00e9sident du Conseil de la r\u00e9gion de l\u2019Oriental, le wali de la r\u00e9gion de l\u2019Oriental, gouverneur de la pr\u00e9fecture d\u2019Oujda-Angad et le pr\u00e9sident de l\u2019UMP.<\/p>\n<p style=\"text-align: justify;\">Il s\u2019agit d\u2019un accord fixant et organisant le cadre d\u2019intervention de chaque partie signataire dans le but d\u2019am\u00e9liorer la qualit\u00e9 du syst\u00e8me de l\u2019enseignement sup\u00e9rieur et de la recherche scientifique, ainsi que de renforcer le rayonnement de cette r\u00e9gion en la mati\u00e8re sur les plans r\u00e9gional et international.<\/p>\n<p style=\"text-align: justify;\">Cette convention se fixe pour objectifs aussi de promouvoir la recherche scientifique et la mobilit\u00e9 des doctorants, d\u2019adopter une approche participative impliquant les diff\u00e9rents acteurs, intervenants et partenaires de l\u2019universit\u00e9, mobiliser les \u00e9nergies et les ressources et rationaliser leur utilisation et s\u2019ouvrir sur les universit\u00e9s \u00e9trang\u00e8res.<\/p>\n<p>L\u2019article <a rel=\"nofollow\" href=\"https:\/\/www.mapoujda.ma\/fr\/le-cro-signe-trois-accords-de-soutien-a-la-recherche-scientifique\/\">Le CRO signe trois accords de soutien \u00e0 la recherche scientifique<\/a> est apparu en premier sur <a rel=\"nofollow\" href=\"https:\/\/www.mapoujda.ma\/fr\">MapOujda<\/a>.<\/p>\n<\/div>\n<p>Auteur: Soufiane ELAHMAR<br \/>\n<a href=\"https:\/\/www.mapoujda.ma\/fr\/le-cro-signe-trois-accords-de-soutien-a-la-recherche-scientifique\/\">Cliquez ici pour lire l&rsquo;article depuis sa source.<\/a><\/p>\n","protected":false},"excerpt":{"rendered":"<p>Les travaux des Assises r\u00e9gionales de l\u2019Oriental du Plan national d\u2019acc\u00e9l\u00e9ration de la transformation de l\u2019\u00e9cosyst\u00e8me de l\u2019enseignement sup\u00e9rieur, de la recherche scientifique et de l\u2019innovation (PACTESRI 2030), tenues dimanche \u00e0 Oujda, ont \u00e9t\u00e9 marqu\u00e9es par la signature de trois accords visant \u00e0 soutenir la recherche scientifique sur le plan r\u00e9gional. Sign\u00e9s par le Conseil [&hellip;]<\/p>\n","protected":false},"author":1788,"featured_media":0,"comment_status":"closed","ping_status":"closed","sticky":false,"template":"","format":"standard","meta":{"fifu_image_url":"https:\/\/www.mapoujda.ma\/map\/uploads\/2021\/10\/signature-convention-750\u00d7430-MAPARCHIVE.jpg","fifu_image_alt":"Le CRO signe trois accords de soutien \u00e0 la recherche scientifique","footnotes":""},"categories":[54,76],"tags":[],"class_list":["post-143580","post","type-post","status-publish","format-standard","hentry","category-maroc","category-regions"],"_links":{"self":[{"href":"https:\/\/linitiative.ca\/International\/wp-json\/wp\/v2\/posts\/143580","targetHints":{"allow":["GET"]}}],"collection":[{"href":"https:\/\/linitiative.ca\/International\/wp-json\/wp\/v2\/posts"}],"about":[{"href":"https:\/\/linitiative.ca\/International\/wp-json\/wp\/v2\/types\/post"}],"author":[{"embeddable":true,"href":"https:\/\/linitiative.ca\/International\/wp-json\/wp\/v2\/users\/1788"}],"replies":[{"embeddable":true,"href":"https:\/\/linitiative.ca\/International\/wp-json\/wp\/v2\/comments?post=143580"}],"version-history":[{"count":0,"href":"https:\/\/linitiative.ca\/International\/wp-json\/wp\/v2\/posts\/143580\/revisions"}],"wp:attachment":[{"href":"https:\/\/linitiative.ca\/International\/wp-json\/wp\/v2\/media?parent=143580"}],"wp:term":[{"taxonomy":"category","embeddable":true,"href":"https:\/\/linitiative.ca\/International\/wp-json\/wp\/v2\/categories?post=143580"},{"taxonomy":"post_tag","embeddable":true,"href":"https:\/\/linitiative.ca\/International\/wp-json\/wp\/v2\/tags?post=143580"}],"curies":[{"name":"wp","href":"https:\/\/api.w.org\/{rel}","templated":true}]}}