{"id":143584,"date":"2022-03-21T10:10:55","date_gmt":"2022-03-21T14:10:55","guid":{"rendered":"https:\/\/linitiative.ca\/International\/covid-le-risque-dune-resurgence-des-cas-nest-pas-nul\/"},"modified":"2022-03-21T10:10:55","modified_gmt":"2022-03-21T14:10:55","slug":"covid-le-risque-dune-resurgence-des-cas-nest-pas-nul","status":"publish","type":"post","link":"https:\/\/linitiative.ca\/International\/covid-le-risque-dune-resurgence-des-cas-nest-pas-nul\/","title":{"rendered":"Covid: \u00ab\u00a0Le risque d&rsquo;une r\u00e9surgence des cas n&rsquo;est pas nul\u00a0\u00bb"},"content":{"rendered":"<div>\n<div class=\"field field-name-body field-type-text-with-summary field-label-hidden\">\n<div class=\"field-items\">\n<div class=\"field-item even\" property=\"content:encoded\">\n<p class=\"rtejustify\">M\u00eame si plusieurs am\u00e9liorations ont \u00e9t\u00e9 not\u00e9es durant les derni\u00e8res semaines, le risque de r\u00e9surgence des cas dans les semaines \u00e0 venir n&rsquo;est pas nul au vu de la situation dans certains pays europ\u00e9ens. C&rsquo;est l&rsquo;analyse du Dr Mouad Mrabet sur la situation \u00e9pid\u00e9miologique. Selon le coordonnateur du Centre national des op\u00e9rations d&rsquo;urgence de sant\u00e9 publique, le niveau de transmission du SARS-CoV-2 au Maroc continue \u00e0 \u00eatre faible depuis 5 semaines successives et la p\u00e9riode post Vague Omicron se poursuit, parall\u00e8lement, pour la 3e semaine.<\/p>\n<\/div>\n<\/div>\n<\/div>\n<\/div>\n<p>Auteur: hgueye<br \/>\n<a href=\"https:\/\/www.leconomiste.com\/flash-infos\/covid-le-risque-d-une-resurgence-des-cas-n-est-pas-nul\">Cliquez ici pour lire l&rsquo;article depuis sa source.<\/a><\/p>\n","protected":false},"excerpt":{"rendered":"<p>M\u00eame si plusieurs am\u00e9liorations ont \u00e9t\u00e9 not\u00e9es durant les derni\u00e8res semaines, le risque de r\u00e9surgence des cas dans les semaines \u00e0 venir n&rsquo;est pas nul au vu de la situation dans certains pays europ\u00e9ens. C&rsquo;est l&rsquo;analyse du Dr Mouad Mrabet sur la situation \u00e9pid\u00e9miologique. Selon le coordonnateur du Centre national des op\u00e9rations d&rsquo;urgence de sant\u00e9 [&hellip;]<\/p>\n","protected":false},"author":1763,"featured_media":0,"comment_status":"closed","ping_status":"closed","sticky":false,"template":"","format":"standard","meta":{"fifu_image_url":"","fifu_image_alt":"","footnotes":""},"categories":[78,54],"tags":[],"class_list":["post-143584","post","type-post","status-publish","format-standard","hentry","category-economie","category-maroc"],"_links":{"self":[{"href":"https:\/\/linitiative.ca\/International\/wp-json\/wp\/v2\/posts\/143584","targetHints":{"allow":["GET"]}}],"collection":[{"href":"https:\/\/linitiative.ca\/International\/wp-json\/wp\/v2\/posts"}],"about":[{"href":"https:\/\/linitiative.ca\/International\/wp-json\/wp\/v2\/types\/post"}],"author":[{"embeddable":true,"href":"https:\/\/linitiative.ca\/International\/wp-json\/wp\/v2\/users\/1763"}],"replies":[{"embeddable":true,"href":"https:\/\/linitiative.ca\/International\/wp-json\/wp\/v2\/comments?post=143584"}],"version-history":[{"count":0,"href":"https:\/\/linitiative.ca\/International\/wp-json\/wp\/v2\/posts\/143584\/revisions"}],"wp:attachment":[{"href":"https:\/\/linitiative.ca\/International\/wp-json\/wp\/v2\/media?parent=143584"}],"wp:term":[{"taxonomy":"category","embeddable":true,"href":"https:\/\/linitiative.ca\/International\/wp-json\/wp\/v2\/categories?post=143584"},{"taxonomy":"post_tag","embeddable":true,"href":"https:\/\/linitiative.ca\/International\/wp-json\/wp\/v2\/tags?post=143584"}],"curies":[{"name":"wp","href":"https:\/\/api.w.org\/{rel}","templated":true}]}}