{"id":143585,"date":"2022-03-21T10:57:50","date_gmt":"2022-03-21T14:57:50","guid":{"rendered":"https:\/\/linitiative.ca\/International\/intelcia-lance-e-voluciona-sur-le-marche-francais\/"},"modified":"2022-03-21T10:57:50","modified_gmt":"2022-03-21T14:57:50","slug":"intelcia-lance-e-voluciona-sur-le-marche-francais","status":"publish","type":"post","link":"https:\/\/linitiative.ca\/International\/intelcia-lance-e-voluciona-sur-le-marche-francais\/","title":{"rendered":"Intelcia lance E-voluciona sur le march\u00e9 fran\u00e7ais"},"content":{"rendered":"<div>\n<div class=\"field field-name-body field-type-text-with-summary field-label-hidden\">\n<div class=\"field-items\">\n<div class=\"field-item even\" property=\"content:encoded\">\n<p class=\"rtejustify\">Apr\u00e8s le march\u00e9 hispanophone, le Groupe Intelcia lance sur le march\u00e9 fran\u00e7ais E-voluciona, son nouveau p\u00f4le conseil et innovation. Cette entit\u00e9 de conseil en exp\u00e9rience client est sp\u00e9cialis\u00e9e dans l\u2019am\u00e9lioration de l\u2019efficacit\u00e9 op\u00e9rationnelle des services gr\u00e2ce \u00e0 l\u2019utilisation de solutions technologiques avanc\u00e9es, indique le Groupe qui op\u00e8re dans 16 pays.<\/p>\n<\/div>\n<\/div>\n<\/div>\n<\/div>\n<p>Auteur: hgueye<br \/>\n<a href=\"https:\/\/www.leconomiste.com\/flash-infos\/intelcia-lance-e-voluciona-sur-le-marche-francais\">Cliquez ici pour lire l&rsquo;article depuis sa source.<\/a><\/p>\n","protected":false},"excerpt":{"rendered":"<p>Apr\u00e8s le march\u00e9 hispanophone, le Groupe Intelcia lance sur le march\u00e9 fran\u00e7ais E-voluciona, son nouveau p\u00f4le conseil et innovation. Cette entit\u00e9 de conseil en exp\u00e9rience client est sp\u00e9cialis\u00e9e dans l\u2019am\u00e9lioration de l\u2019efficacit\u00e9 op\u00e9rationnelle des services gr\u00e2ce \u00e0 l\u2019utilisation de solutions technologiques avanc\u00e9es, indique le Groupe qui op\u00e8re dans 16 pays. Auteur: hgueye Cliquez ici pour [&hellip;]<\/p>\n","protected":false},"author":1763,"featured_media":0,"comment_status":"closed","ping_status":"closed","sticky":false,"template":"","format":"standard","meta":{"fifu_image_url":"","fifu_image_alt":"","footnotes":""},"categories":[78,54],"tags":[],"class_list":["post-143585","post","type-post","status-publish","format-standard","hentry","category-economie","category-maroc"],"_links":{"self":[{"href":"https:\/\/linitiative.ca\/International\/wp-json\/wp\/v2\/posts\/143585","targetHints":{"allow":["GET"]}}],"collection":[{"href":"https:\/\/linitiative.ca\/International\/wp-json\/wp\/v2\/posts"}],"about":[{"href":"https:\/\/linitiative.ca\/International\/wp-json\/wp\/v2\/types\/post"}],"author":[{"embeddable":true,"href":"https:\/\/linitiative.ca\/International\/wp-json\/wp\/v2\/users\/1763"}],"replies":[{"embeddable":true,"href":"https:\/\/linitiative.ca\/International\/wp-json\/wp\/v2\/comments?post=143585"}],"version-history":[{"count":0,"href":"https:\/\/linitiative.ca\/International\/wp-json\/wp\/v2\/posts\/143585\/revisions"}],"wp:attachment":[{"href":"https:\/\/linitiative.ca\/International\/wp-json\/wp\/v2\/media?parent=143585"}],"wp:term":[{"taxonomy":"category","embeddable":true,"href":"https:\/\/linitiative.ca\/International\/wp-json\/wp\/v2\/categories?post=143585"},{"taxonomy":"post_tag","embeddable":true,"href":"https:\/\/linitiative.ca\/International\/wp-json\/wp\/v2\/tags?post=143585"}],"curies":[{"name":"wp","href":"https:\/\/api.w.org\/{rel}","templated":true}]}}