{"id":143588,"date":"2022-03-21T07:55:00","date_gmt":"2022-03-21T11:55:00","guid":{"rendered":"https:\/\/linitiative.ca\/International\/klopp-explique-pourquoi-il-a-menage-mane-avant-le-choc-egypte-senegal\/"},"modified":"2022-03-21T07:55:00","modified_gmt":"2022-03-21T11:55:00","slug":"klopp-explique-pourquoi-il-a-menage-mane-avant-le-choc-egypte-senegal","status":"publish","type":"post","link":"https:\/\/linitiative.ca\/International\/klopp-explique-pourquoi-il-a-menage-mane-avant-le-choc-egypte-senegal\/","title":{"rendered":"Klopp explique pourquoi il a m\u00e9nag\u00e9 Man\u00e9 avant le choc Egypte-S\u00e9n\u00e9gal"},"content":{"rendered":"<div>Qualifi\u00e9 pour les demi-finales de FA Cup ce dimanche apr\u00e8s un succ\u00e8s face \u00e0 Nottingham Forest, Liverpool a d\u00fb composer sans ses deux stars Mohamed Salah et Sadio Man\u00e9<\/div>\n<p>Auteur:<br \/>\n<a href=\"https:\/\/www.lebuteur.com\/article\/detail?titre=klopp-explique-pourquoi-il-a-menage-mane-avant-le-choc-egypte-senegal&#038;id=102535\">Cliquez ici pour lire l&rsquo;article depuis sa source.<\/a><\/p>\n","protected":false},"excerpt":{"rendered":"<p>Qualifi\u00e9 pour les demi-finales de FA Cup ce dimanche apr\u00e8s un succ\u00e8s face \u00e0 Nottingham Forest, Liverpool a d\u00fb composer sans ses deux stars Mohamed Salah et Sadio Man\u00e9 Auteur: Cliquez ici pour lire l&rsquo;article depuis sa source.<\/p>\n","protected":false},"author":1738,"featured_media":0,"comment_status":"closed","ping_status":"closed","sticky":false,"template":"","format":"standard","meta":{"fifu_image_url":"","fifu_image_alt":"","footnotes":""},"categories":[53,75],"tags":[],"class_list":["post-143588","post","type-post","status-publish","format-standard","hentry","category-algerie","category-sport"],"_links":{"self":[{"href":"https:\/\/linitiative.ca\/International\/wp-json\/wp\/v2\/posts\/143588","targetHints":{"allow":["GET"]}}],"collection":[{"href":"https:\/\/linitiative.ca\/International\/wp-json\/wp\/v2\/posts"}],"about":[{"href":"https:\/\/linitiative.ca\/International\/wp-json\/wp\/v2\/types\/post"}],"author":[{"embeddable":true,"href":"https:\/\/linitiative.ca\/International\/wp-json\/wp\/v2\/users\/1738"}],"replies":[{"embeddable":true,"href":"https:\/\/linitiative.ca\/International\/wp-json\/wp\/v2\/comments?post=143588"}],"version-history":[{"count":0,"href":"https:\/\/linitiative.ca\/International\/wp-json\/wp\/v2\/posts\/143588\/revisions"}],"wp:attachment":[{"href":"https:\/\/linitiative.ca\/International\/wp-json\/wp\/v2\/media?parent=143588"}],"wp:term":[{"taxonomy":"category","embeddable":true,"href":"https:\/\/linitiative.ca\/International\/wp-json\/wp\/v2\/categories?post=143588"},{"taxonomy":"post_tag","embeddable":true,"href":"https:\/\/linitiative.ca\/International\/wp-json\/wp\/v2\/tags?post=143588"}],"curies":[{"name":"wp","href":"https:\/\/api.w.org\/{rel}","templated":true}]}}