{"id":143597,"date":"2022-03-21T06:34:00","date_gmt":"2022-03-21T10:34:00","guid":{"rendered":"https:\/\/linitiative.ca\/International\/fin-de-letat-durgence-covid-en-italie-adieu-le-green-pass\/"},"modified":"2022-03-21T06:34:00","modified_gmt":"2022-03-21T10:34:00","slug":"fin-de-letat-durgence-covid-en-italie-adieu-le-green-pass","status":"publish","type":"post","link":"https:\/\/linitiative.ca\/International\/fin-de-letat-durgence-covid-en-italie-adieu-le-green-pass\/","title":{"rendered":"Fin de l&rsquo;\u00e9tat d\u2019urgence Covid en Italie : Adieu le Green Pass"},"content":{"rendered":"<div><img decoding=\"async\" src=\"https:\/\/linitiative.ca\/International\/wp-content\/uploads\/sites\/23\/2022\/03\/1647858126_article.jpg\" alt=\"Fin De l\" d covid en italie : adieu le green pass align=\"left\">Par Dr Mohamed Adel Chehida &#8211; Le 1er mai prochain L\u2019Italie dira adieu au green pass et au port de masques. Ainsi le gouvernement italien le 17 mars a \u00e9labor\u00e9 une strat\u00e9gie de sortie de la pand\u00e9mie mettant fin aux commissions scientifiques et techniques.<br \/>\nNe resteront confin\u00e9s que ceux qui attrapent le virus. Il n\u2019y aura plus de quarantaine pour ceux qui auront un contact avec une personne covid positif ni de quarantaines pour les voyageurs.<br \/>\nQui ne se souvient pas des terribles images qui ont fait le tour du monde, la procession des camions militaires a Bergamo qui transportaient les corps que la ville n\u2019arrivait pas \u00e0 inhumer ?<br \/>\nDeux ans apr\u00e8s le premier lock down en Italie, &#8230;<\/p>\n<\/div>\n<p>Auteur:<br \/>\n<a href=\"https:\/\/www.leaders.com.tn\/article\/33118-fin-de-l-etat-d-urgence-covid-en-italie-adieu-le-green-pass\">Cliquez ici pour lire l&rsquo;article depuis sa source.<\/a><\/p>\n","protected":false},"excerpt":{"rendered":"<p>Par Dr Mohamed Adel Chehida &#8211; Le 1er mai prochain L\u2019Italie dira adieu au green pass et au port de masques. Ainsi le gouvernement italien le 17 mars a \u00e9labor\u00e9 une strat\u00e9gie de sortie de la pand\u00e9mie mettant fin aux commissions scientifiques et techniques. Ne resteront confin\u00e9s que ceux qui attrapent le virus. Il n\u2019y [&hellip;]<\/p>\n","protected":false},"author":1772,"featured_media":0,"comment_status":"closed","ping_status":"closed","sticky":false,"template":"","format":"standard","meta":{"fifu_image_url":"http:\/\/www.leaders.com.tn\/uploads\/content\/thumbnails_small\/1647858126_article.jpg","fifu_image_alt":"<div>Fin de l'\u00e9tat d\u2019urgence Covid en Italie : Adieu le Green Pass<\/div>","footnotes":""},"categories":[73,55],"tags":[],"class_list":["post-143597","post","type-post","status-publish","format-standard","hentry","category-actualite","category-tunisie"],"_links":{"self":[{"href":"https:\/\/linitiative.ca\/International\/wp-json\/wp\/v2\/posts\/143597","targetHints":{"allow":["GET"]}}],"collection":[{"href":"https:\/\/linitiative.ca\/International\/wp-json\/wp\/v2\/posts"}],"about":[{"href":"https:\/\/linitiative.ca\/International\/wp-json\/wp\/v2\/types\/post"}],"author":[{"embeddable":true,"href":"https:\/\/linitiative.ca\/International\/wp-json\/wp\/v2\/users\/1772"}],"replies":[{"embeddable":true,"href":"https:\/\/linitiative.ca\/International\/wp-json\/wp\/v2\/comments?post=143597"}],"version-history":[{"count":0,"href":"https:\/\/linitiative.ca\/International\/wp-json\/wp\/v2\/posts\/143597\/revisions"}],"wp:attachment":[{"href":"https:\/\/linitiative.ca\/International\/wp-json\/wp\/v2\/media?parent=143597"}],"wp:term":[{"taxonomy":"category","embeddable":true,"href":"https:\/\/linitiative.ca\/International\/wp-json\/wp\/v2\/categories?post=143597"},{"taxonomy":"post_tag","embeddable":true,"href":"https:\/\/linitiative.ca\/International\/wp-json\/wp\/v2\/tags?post=143597"}],"curies":[{"name":"wp","href":"https:\/\/api.w.org\/{rel}","templated":true}]}}