{"id":143599,"date":"2022-03-21T11:05:58","date_gmt":"2022-03-21T15:05:58","guid":{"rendered":"https:\/\/linitiative.ca\/International\/adel-el-fakir-met-en-avant-les-richesses-humaines-et-touristiques-du-maroc-sur-m6\/"},"modified":"2022-03-21T11:05:58","modified_gmt":"2022-03-21T15:05:58","slug":"adel-el-fakir-met-en-avant-les-richesses-humaines-et-touristiques-du-maroc-sur-m6","status":"publish","type":"post","link":"https:\/\/linitiative.ca\/International\/adel-el-fakir-met-en-avant-les-richesses-humaines-et-touristiques-du-maroc-sur-m6\/","title":{"rendered":"Adel El Fakir met en avant les richesses humaines et touristiques du Maroc sur M6"},"content":{"rendered":"<div><img decoding=\"async\" width=\"2560\" height=\"1441\" src=\"https:\/\/linitiative.ca\/International\/wp-content\/uploads\/sites\/23\/2022\/03\/Adel-El-Fakir-DG-de-lONMT-1-scaled-1.jpg\" class=\"attachment-post-thumbnail size-post-thumbnail wp-post-image\" alt=\"\" loading=\"lazy\" srcset=\"https:\/\/linitiative.ca\/International\/wp-content\/uploads\/sites\/23\/2022\/03\/Adel-El-Fakir-DG-de-lONMT-1-scaled-1.jpg 2560w, https:\/\/www.challenge.ma\/wp-content\/uploads\/2022\/03\/Adel-El-Fakir-DG-de-lONMT-1-300x169.jpg 300w, https:\/\/www.challenge.ma\/wp-content\/uploads\/2022\/03\/Adel-El-Fakir-DG-de-lONMT-1-1024x576.jpg 1024w, https:\/\/www.challenge.ma\/wp-content\/uploads\/2022\/03\/Adel-El-Fakir-DG-de-lONMT-1-768x432.jpg 768w, https:\/\/www.challenge.ma\/wp-content\/uploads\/2022\/03\/Adel-El-Fakir-DG-de-lONMT-1-1536x865.jpg 1536w, https:\/\/www.challenge.ma\/wp-content\/uploads\/2022\/03\/Adel-El-Fakir-DG-de-lONMT-1-2048x1153.jpg 2048w\" sizes=\"auto, (max-width: 2560px) 100vw, 2560px\" itemprop=\"image\">Adel El Fakir, DG de l\u2019Office National Marocain du Tourisme (ONMT), a mis en avant la destination Maroc sur la cha\u00eene de t\u00e9l\u00e9vision fran\u00e7aise M6, \u00e0 l\u2019occasion du d\u00e9marrage du troph\u00e9e Aicha des Gazelles, en intervenant dans un programme diffus\u00e9 ce samedi 19 mars 2022 en prime time sur M6.<\/div>\n<p>Auteur: Mehdi Ouazzani<br \/>\n<a href=\"https:\/\/www.challenge.ma\/adel-el-fakir-met-en-avant-les-richesses-humaines-et-touristiques-du-maroc-sur-m6-234975\/\">Cliquez ici pour lire l&rsquo;article depuis sa source.<\/a><\/p>\n","protected":false},"excerpt":{"rendered":"<p>Adel El Fakir, DG de l\u2019Office National Marocain du Tourisme (ONMT), a mis en avant la destination Maroc sur la cha\u00eene de t\u00e9l\u00e9vision fran\u00e7aise M6, \u00e0 l\u2019occasion du d\u00e9marrage du troph\u00e9e Aicha des Gazelles, en intervenant dans un programme diffus\u00e9 ce samedi 19 mars 2022 en prime time sur M6. Auteur: Mehdi Ouazzani Cliquez ici [&hellip;]<\/p>\n","protected":false},"author":1787,"featured_media":0,"comment_status":"closed","ping_status":"closed","sticky":false,"template":"","format":"standard","meta":{"fifu_image_url":"https:\/\/www.challenge.ma\/wp-content\/uploads\/2022\/03\/Adel-El-Fakir-DG-de-lONMT-1-scaled.jpg","fifu_image_alt":"Adel El Fakir met en avant les richesses humaines et touristiques du Maroc sur M6","footnotes":""},"categories":[78,54],"tags":[],"class_list":["post-143599","post","type-post","status-publish","format-standard","hentry","category-economie","category-maroc"],"_links":{"self":[{"href":"https:\/\/linitiative.ca\/International\/wp-json\/wp\/v2\/posts\/143599","targetHints":{"allow":["GET"]}}],"collection":[{"href":"https:\/\/linitiative.ca\/International\/wp-json\/wp\/v2\/posts"}],"about":[{"href":"https:\/\/linitiative.ca\/International\/wp-json\/wp\/v2\/types\/post"}],"author":[{"embeddable":true,"href":"https:\/\/linitiative.ca\/International\/wp-json\/wp\/v2\/users\/1787"}],"replies":[{"embeddable":true,"href":"https:\/\/linitiative.ca\/International\/wp-json\/wp\/v2\/comments?post=143599"}],"version-history":[{"count":0,"href":"https:\/\/linitiative.ca\/International\/wp-json\/wp\/v2\/posts\/143599\/revisions"}],"wp:attachment":[{"href":"https:\/\/linitiative.ca\/International\/wp-json\/wp\/v2\/media?parent=143599"}],"wp:term":[{"taxonomy":"category","embeddable":true,"href":"https:\/\/linitiative.ca\/International\/wp-json\/wp\/v2\/categories?post=143599"},{"taxonomy":"post_tag","embeddable":true,"href":"https:\/\/linitiative.ca\/International\/wp-json\/wp\/v2\/tags?post=143599"}],"curies":[{"name":"wp","href":"https:\/\/api.w.org\/{rel}","templated":true}]}}