{"id":143601,"date":"2022-03-21T11:17:43","date_gmt":"2022-03-21T15:17:43","guid":{"rendered":"https:\/\/linitiative.ca\/International\/le-road-show-sur-lagregation-agricole-nouvelle-generation-fait-escale-a-beni-mellal\/"},"modified":"2022-03-21T11:17:43","modified_gmt":"2022-03-21T15:17:43","slug":"le-road-show-sur-lagregation-agricole-nouvelle-generation-fait-escale-a-beni-mellal","status":"publish","type":"post","link":"https:\/\/linitiative.ca\/International\/le-road-show-sur-lagregation-agricole-nouvelle-generation-fait-escale-a-beni-mellal\/","title":{"rendered":"Le road show sur l\u2019agr\u00e9gation agricole nouvelle g\u00e9n\u00e9ration fait escale \u00e0 Beni Mellal"},"content":{"rendered":"<div><img decoding=\"async\" width=\"1280\" height=\"576\" src=\"https:\/\/linitiative.ca\/International\/wp-content\/uploads\/sites\/23\/2022\/03\/IMG-20220321-WA0004-2.jpg\" class=\"attachment-post-thumbnail size-post-thumbnail wp-post-image\" alt=\"\" loading=\"lazy\" srcset=\"https:\/\/linitiative.ca\/International\/wp-content\/uploads\/sites\/23\/2022\/03\/IMG-20220321-WA0004-2.jpg 1280w, https:\/\/www.challenge.ma\/wp-content\/uploads\/2022\/03\/IMG-20220321-WA0004-2-300x135.jpg 300w, https:\/\/www.challenge.ma\/wp-content\/uploads\/2022\/03\/IMG-20220321-WA0004-2-1024x461.jpg 1024w, https:\/\/www.challenge.ma\/wp-content\/uploads\/2022\/03\/IMG-20220321-WA0004-2-768x346.jpg 768w, https:\/\/www.challenge.ma\/wp-content\/uploads\/2022\/03\/IMG-20220321-WA0004-2-360x162.jpg 360w, https:\/\/www.challenge.ma\/wp-content\/uploads\/2022\/03\/IMG-20220321-WA0004-2-750x338.jpg 750w\" sizes=\"auto, (max-width: 1280px) 100vw, 1280px\" itemprop=\"image\">Dans le cadre de la d\u00e9clinaison des axes de la nouvelle strat\u00e9gie \u00ab\u00a0G\u00e9n\u00e9ration Green 2020-2030\u00a0\u00bb au niveau r\u00e9gional, notamment l\u2019axe relatif \u00e0 l\u2019agr\u00e9gation agricole nouvelle g\u00e9n\u00e9ration, l\u2019Agence pour le D\u00e9veloppement Agricole (ADA) en \u00e9troite collaboration avec la Direction R\u00e9gionale de l\u2019Agriculture de B\u00e9ni Mellal Kh\u00e9nifra a organis\u00e9 le Road Show<\/div>\n<p>Auteur: Mehdi Ouazzani<br \/>\n<a href=\"https:\/\/www.challenge.ma\/le-road-show-sur-lagregation-agricole-nouvelle-generation-fait-escale-a-beni-mellal-234986\/\">Cliquez ici pour lire l&rsquo;article depuis sa source.<\/a><\/p>\n","protected":false},"excerpt":{"rendered":"<p>Dans le cadre de la d\u00e9clinaison des axes de la nouvelle strat\u00e9gie \u00ab\u00a0G\u00e9n\u00e9ration Green 2020-2030\u00a0\u00bb au niveau r\u00e9gional, notamment l\u2019axe relatif \u00e0 l\u2019agr\u00e9gation agricole nouvelle g\u00e9n\u00e9ration, l\u2019Agence pour le D\u00e9veloppement Agricole (ADA) en \u00e9troite collaboration avec la Direction R\u00e9gionale de l\u2019Agriculture de B\u00e9ni Mellal Kh\u00e9nifra a organis\u00e9 le Road Show Auteur: Mehdi Ouazzani Cliquez ici [&hellip;]<\/p>\n","protected":false},"author":1787,"featured_media":0,"comment_status":"closed","ping_status":"closed","sticky":false,"template":"","format":"standard","meta":{"fifu_image_url":"https:\/\/www.challenge.ma\/wp-content\/uploads\/2022\/03\/IMG-20220321-WA0004-2.jpg","fifu_image_alt":"Le road show sur l\u2019agr\u00e9gation agricole nouvelle g\u00e9n\u00e9ration fait escale \u00e0 Beni Mellal","footnotes":""},"categories":[78,54],"tags":[],"class_list":["post-143601","post","type-post","status-publish","format-standard","hentry","category-economie","category-maroc"],"_links":{"self":[{"href":"https:\/\/linitiative.ca\/International\/wp-json\/wp\/v2\/posts\/143601","targetHints":{"allow":["GET"]}}],"collection":[{"href":"https:\/\/linitiative.ca\/International\/wp-json\/wp\/v2\/posts"}],"about":[{"href":"https:\/\/linitiative.ca\/International\/wp-json\/wp\/v2\/types\/post"}],"author":[{"embeddable":true,"href":"https:\/\/linitiative.ca\/International\/wp-json\/wp\/v2\/users\/1787"}],"replies":[{"embeddable":true,"href":"https:\/\/linitiative.ca\/International\/wp-json\/wp\/v2\/comments?post=143601"}],"version-history":[{"count":0,"href":"https:\/\/linitiative.ca\/International\/wp-json\/wp\/v2\/posts\/143601\/revisions"}],"wp:attachment":[{"href":"https:\/\/linitiative.ca\/International\/wp-json\/wp\/v2\/media?parent=143601"}],"wp:term":[{"taxonomy":"category","embeddable":true,"href":"https:\/\/linitiative.ca\/International\/wp-json\/wp\/v2\/categories?post=143601"},{"taxonomy":"post_tag","embeddable":true,"href":"https:\/\/linitiative.ca\/International\/wp-json\/wp\/v2\/tags?post=143601"}],"curies":[{"name":"wp","href":"https:\/\/api.w.org\/{rel}","templated":true}]}}