{"id":143605,"date":"2022-03-21T15:16:34","date_gmt":"2022-03-21T19:16:34","guid":{"rendered":"https:\/\/linitiative.ca\/International\/maroc-la-10eme-edition-du-global-money-week-vient-douvrir-ses-portes\/"},"modified":"2022-03-21T15:16:34","modified_gmt":"2022-03-21T19:16:34","slug":"maroc-la-10eme-edition-du-global-money-week-vient-douvrir-ses-portes","status":"publish","type":"post","link":"https:\/\/linitiative.ca\/International\/maroc-la-10eme-edition-du-global-money-week-vient-douvrir-ses-portes\/","title":{"rendered":"Maroc. La 10\u00e8me \u00e9dition du Global Money Week vient d\u2019ouvrir ses portes"},"content":{"rendered":"<div><img decoding=\"async\" width=\"1078\" height=\"709\" src=\"https:\/\/linitiative.ca\/International\/wp-content\/uploads\/sites\/23\/2022\/03\/GMW.jpg\" class=\"attachment-post-thumbnail size-post-thumbnail wp-post-image\" alt=\"\" loading=\"lazy\" srcset=\"https:\/\/linitiative.ca\/International\/wp-content\/uploads\/sites\/23\/2022\/03\/GMW.jpg 1078w, https:\/\/www.challenge.ma\/wp-content\/uploads\/2022\/03\/GMW-300x197.jpg 300w, https:\/\/www.challenge.ma\/wp-content\/uploads\/2022\/03\/GMW-1024x673.jpg 1024w, https:\/\/www.challenge.ma\/wp-content\/uploads\/2022\/03\/GMW-768x505.jpg 768w, https:\/\/www.challenge.ma\/wp-content\/uploads\/2022\/03\/GMW-360x237.jpg 360w, https:\/\/www.challenge.ma\/wp-content\/uploads\/2022\/03\/GMW-750x493.jpg 750w\" sizes=\"auto, (max-width: 1078px) 100vw, 1078px\" itemprop=\"image\">La Fondation Marocaine pour l\u2019\u00c9ducation Financi\u00e8re (FMEF) et ses partenaires organisent du 21 mars au 3 avril 2022 une nouvelle \u00e9dition du Global Money Week (GMW). Un \u00e9v\u00e9nement pilot\u00e9 \u00e0 l\u2019international par l\u2019Organisation de Coop\u00e9ration et de D\u00e9veloppement \u00c9conomique (OCDE) et qui mobilise les acteurs des secteurs \u00e9ducatifs et financiers.<\/div>\n<p>Auteur: David J\u00e9r\u00e9mie<br \/>\n<a href=\"https:\/\/www.challenge.ma\/maroc-la-10eme-edition-du-global-money-week-vient-douvrir-ses-portes-235000\/\">Cliquez ici pour lire l&rsquo;article depuis sa source.<\/a><\/p>\n","protected":false},"excerpt":{"rendered":"<p>La Fondation Marocaine pour l\u2019\u00c9ducation Financi\u00e8re (FMEF) et ses partenaires organisent du 21 mars au 3 avril 2022 une nouvelle \u00e9dition du Global Money Week (GMW). Un \u00e9v\u00e9nement pilot\u00e9 \u00e0 l\u2019international par l\u2019Organisation de Coop\u00e9ration et de D\u00e9veloppement \u00c9conomique (OCDE) et qui mobilise les acteurs des secteurs \u00e9ducatifs et financiers. Auteur: David J\u00e9r\u00e9mie Cliquez ici [&hellip;]<\/p>\n","protected":false},"author":1787,"featured_media":0,"comment_status":"closed","ping_status":"closed","sticky":false,"template":"","format":"standard","meta":{"fifu_image_url":"https:\/\/www.challenge.ma\/wp-content\/uploads\/2022\/03\/GMW.jpg","fifu_image_alt":"Maroc. La 10\u00e8me \u00e9dition du Global Money Week vient d\u2019ouvrir ses portes","footnotes":""},"categories":[78,54],"tags":[],"class_list":["post-143605","post","type-post","status-publish","format-standard","hentry","category-economie","category-maroc"],"_links":{"self":[{"href":"https:\/\/linitiative.ca\/International\/wp-json\/wp\/v2\/posts\/143605","targetHints":{"allow":["GET"]}}],"collection":[{"href":"https:\/\/linitiative.ca\/International\/wp-json\/wp\/v2\/posts"}],"about":[{"href":"https:\/\/linitiative.ca\/International\/wp-json\/wp\/v2\/types\/post"}],"author":[{"embeddable":true,"href":"https:\/\/linitiative.ca\/International\/wp-json\/wp\/v2\/users\/1787"}],"replies":[{"embeddable":true,"href":"https:\/\/linitiative.ca\/International\/wp-json\/wp\/v2\/comments?post=143605"}],"version-history":[{"count":0,"href":"https:\/\/linitiative.ca\/International\/wp-json\/wp\/v2\/posts\/143605\/revisions"}],"wp:attachment":[{"href":"https:\/\/linitiative.ca\/International\/wp-json\/wp\/v2\/media?parent=143605"}],"wp:term":[{"taxonomy":"category","embeddable":true,"href":"https:\/\/linitiative.ca\/International\/wp-json\/wp\/v2\/categories?post=143605"},{"taxonomy":"post_tag","embeddable":true,"href":"https:\/\/linitiative.ca\/International\/wp-json\/wp\/v2\/tags?post=143605"}],"curies":[{"name":"wp","href":"https:\/\/api.w.org\/{rel}","templated":true}]}}