{"id":143607,"date":"2022-03-21T16:21:12","date_gmt":"2022-03-21T20:21:12","guid":{"rendered":"https:\/\/linitiative.ca\/International\/sahara-marocain-jose-manuel-albares-sentretient-avec-staffan-de-mistura\/"},"modified":"2022-03-21T16:21:12","modified_gmt":"2022-03-21T20:21:12","slug":"sahara-marocain-jose-manuel-albares-sentretient-avec-staffan-de-mistura","status":"publish","type":"post","link":"https:\/\/linitiative.ca\/International\/sahara-marocain-jose-manuel-albares-sentretient-avec-staffan-de-mistura\/","title":{"rendered":"Sahara Marocain. Jos\u00e9 Manuel Albares s\u2019entretient avec Staffan de Mistura"},"content":{"rendered":"<div><img decoding=\"async\" width=\"528\" height=\"306\" src=\"https:\/\/linitiative.ca\/International\/wp-content\/uploads\/sites\/23\/2022\/03\/Alvares.jpg\" class=\"attachment-post-thumbnail size-post-thumbnail wp-post-image\" alt=\"\" loading=\"lazy\" srcset=\"https:\/\/linitiative.ca\/International\/wp-content\/uploads\/sites\/23\/2022\/03\/Alvares.jpg 528w, https:\/\/www.challenge.ma\/wp-content\/uploads\/2022\/03\/Alvares-300x174.jpg 300w, https:\/\/www.challenge.ma\/wp-content\/uploads\/2022\/03\/Alvares-360x209.jpg 360w\" sizes=\"auto, (max-width: 528px) 100vw, 528px\" itemprop=\"image\">Jos\u00e9 Manuel Albares, ministre espagnol des Affaires \u00e9trang\u00e8res, s\u2019est entretenu ce lundi 21 mars \u00e0 Bruxelles avec Staffan de Mistura, Envoy\u00e9 personnel aupr\u00e8s du Secr\u00e9taire g\u00e9n\u00e9ral de l\u2019ONU, Ant\u00f3nio Guterres, pour le \u00ab\u00a0Sahara occidental\u00a0\u00bb. Une rencontre relat\u00e9e par le chef de la diplomatie espagnole sur son compte Twitter. \u00a0 \u00abJ\u2019ai<\/div>\n<p>Auteur: David J\u00e9r\u00e9mie<br \/>\n<a href=\"https:\/\/www.challenge.ma\/sahara-marocain-jose-manuel-albares-sentretient-avec-staffan-de-mistura-235005\/\">Cliquez ici pour lire l&rsquo;article depuis sa source.<\/a><\/p>\n","protected":false},"excerpt":{"rendered":"<p>Jos\u00e9 Manuel Albares, ministre espagnol des Affaires \u00e9trang\u00e8res, s\u2019est entretenu ce lundi 21 mars \u00e0 Bruxelles avec Staffan de Mistura, Envoy\u00e9 personnel aupr\u00e8s du Secr\u00e9taire g\u00e9n\u00e9ral de l\u2019ONU, Ant\u00f3nio Guterres, pour le \u00ab\u00a0Sahara occidental\u00a0\u00bb. Une rencontre relat\u00e9e par le chef de la diplomatie espagnole sur son compte Twitter. \u00a0 \u00abJ\u2019ai Auteur: David J\u00e9r\u00e9mie Cliquez ici [&hellip;]<\/p>\n","protected":false},"author":1787,"featured_media":0,"comment_status":"closed","ping_status":"closed","sticky":false,"template":"","format":"standard","meta":{"fifu_image_url":"https:\/\/www.challenge.ma\/wp-content\/uploads\/2022\/03\/Alvares.jpg","fifu_image_alt":"Sahara Marocain. Jos\u00e9 Manuel Albares s\u2019entretient avec Staffan de Mistura","footnotes":""},"categories":[78,54],"tags":[],"class_list":["post-143607","post","type-post","status-publish","format-standard","hentry","category-economie","category-maroc"],"_links":{"self":[{"href":"https:\/\/linitiative.ca\/International\/wp-json\/wp\/v2\/posts\/143607","targetHints":{"allow":["GET"]}}],"collection":[{"href":"https:\/\/linitiative.ca\/International\/wp-json\/wp\/v2\/posts"}],"about":[{"href":"https:\/\/linitiative.ca\/International\/wp-json\/wp\/v2\/types\/post"}],"author":[{"embeddable":true,"href":"https:\/\/linitiative.ca\/International\/wp-json\/wp\/v2\/users\/1787"}],"replies":[{"embeddable":true,"href":"https:\/\/linitiative.ca\/International\/wp-json\/wp\/v2\/comments?post=143607"}],"version-history":[{"count":0,"href":"https:\/\/linitiative.ca\/International\/wp-json\/wp\/v2\/posts\/143607\/revisions"}],"wp:attachment":[{"href":"https:\/\/linitiative.ca\/International\/wp-json\/wp\/v2\/media?parent=143607"}],"wp:term":[{"taxonomy":"category","embeddable":true,"href":"https:\/\/linitiative.ca\/International\/wp-json\/wp\/v2\/categories?post=143607"},{"taxonomy":"post_tag","embeddable":true,"href":"https:\/\/linitiative.ca\/International\/wp-json\/wp\/v2\/tags?post=143607"}],"curies":[{"name":"wp","href":"https:\/\/api.w.org\/{rel}","templated":true}]}}