{"id":143611,"date":"2022-03-21T16:38:00","date_gmt":"2022-03-21T20:38:00","guid":{"rendered":"https:\/\/linitiative.ca\/International\/caf-cl-trois-esperantistes-dans-le-onze-type-de-la-j05\/"},"modified":"2022-03-21T16:38:00","modified_gmt":"2022-03-21T20:38:00","slug":"caf-cl-trois-esperantistes-dans-le-onze-type-de-la-j05","status":"publish","type":"post","link":"https:\/\/linitiative.ca\/International\/caf-cl-trois-esperantistes-dans-le-onze-type-de-la-j05\/","title":{"rendered":"CAF CL : Trois esp\u00e9rantistes dans le Onze type de la J05"},"content":{"rendered":"<div>\n<p>La commission des comp\u00e9titions au sein de la CAF a choisi 3 joueurs de l\u2019Esp\u00e9rance de Tunis parmi ceux qui ont brill\u00e9 au cours de cette 5e journ\u00e9e de la CAF CL. Il s\u2019agit de l\u2019axial international alg\u00e9rien Abdelkader Badrane, du milieu international tunisien\u00a0Ghailene Chaalali et l\u2019attaquant nig\u00e9rian Kinglsey Eduwo. Voici le Onze type s\u00e9lectionn\u00e9 [\u2026]<\/p>\n<p>L\u2019article <a href=\"https:\/\/sport.tunisienumerique.com\/caf-cl-trois-esperantistes-dans-le-onze-type-de-la-j05\/\">CAF CL : Trois esp\u00e9rantistes dans le Onze type de la J05<\/a> est apparu en premier sur <a href=\"https:\/\/www.tunisienumerique.com\/\">Tunisie<\/a>.<\/p>\n<\/div>\n<p>Auteur: Hamza Ben Khlifa<br \/>\n<a href=\"https:\/\/sport.tunisienumerique.com\/caf-cl-trois-esperantistes-dans-le-onze-type-de-la-j05\/\">Cliquez ici pour lire l&rsquo;article depuis sa source.<\/a><\/p>\n","protected":false},"excerpt":{"rendered":"<p>La commission des comp\u00e9titions au sein de la CAF a choisi 3 joueurs de l\u2019Esp\u00e9rance de Tunis parmi ceux qui ont brill\u00e9 au cours de cette 5e journ\u00e9e de la CAF CL. Il s\u2019agit de l\u2019axial international alg\u00e9rien Abdelkader Badrane, du milieu international tunisien\u00a0Ghailene Chaalali et l\u2019attaquant nig\u00e9rian Kinglsey Eduwo. Voici le Onze type s\u00e9lectionn\u00e9 [&hellip;]<\/p>\n","protected":false},"author":1789,"featured_media":0,"comment_status":"closed","ping_status":"closed","sticky":false,"template":"","format":"standard","meta":{"fifu_image_url":"","fifu_image_alt":"","footnotes":""},"categories":[73,55],"tags":[],"class_list":["post-143611","post","type-post","status-publish","format-standard","hentry","category-actualite","category-tunisie"],"_links":{"self":[{"href":"https:\/\/linitiative.ca\/International\/wp-json\/wp\/v2\/posts\/143611","targetHints":{"allow":["GET"]}}],"collection":[{"href":"https:\/\/linitiative.ca\/International\/wp-json\/wp\/v2\/posts"}],"about":[{"href":"https:\/\/linitiative.ca\/International\/wp-json\/wp\/v2\/types\/post"}],"author":[{"embeddable":true,"href":"https:\/\/linitiative.ca\/International\/wp-json\/wp\/v2\/users\/1789"}],"replies":[{"embeddable":true,"href":"https:\/\/linitiative.ca\/International\/wp-json\/wp\/v2\/comments?post=143611"}],"version-history":[{"count":0,"href":"https:\/\/linitiative.ca\/International\/wp-json\/wp\/v2\/posts\/143611\/revisions"}],"wp:attachment":[{"href":"https:\/\/linitiative.ca\/International\/wp-json\/wp\/v2\/media?parent=143611"}],"wp:term":[{"taxonomy":"category","embeddable":true,"href":"https:\/\/linitiative.ca\/International\/wp-json\/wp\/v2\/categories?post=143611"},{"taxonomy":"post_tag","embeddable":true,"href":"https:\/\/linitiative.ca\/International\/wp-json\/wp\/v2\/tags?post=143611"}],"curies":[{"name":"wp","href":"https:\/\/api.w.org\/{rel}","templated":true}]}}