{"id":143613,"date":"2022-03-21T17:23:06","date_gmt":"2022-03-21T21:23:06","guid":{"rendered":"https:\/\/linitiative.ca\/International\/lors-de-sa-visite-du-lieu-de-laccident-et-aux-blesses-hospitalises-kais-saied-video-chacun-assumera-sa-responsabilite\/"},"modified":"2022-03-21T17:23:06","modified_gmt":"2022-03-21T21:23:06","slug":"lors-de-sa-visite-du-lieu-de-laccident-et-aux-blesses-hospitalises-kais-saied-video-chacun-assumera-sa-responsabilite","status":"publish","type":"post","link":"https:\/\/linitiative.ca\/International\/lors-de-sa-visite-du-lieu-de-laccident-et-aux-blesses-hospitalises-kais-saied-video-chacun-assumera-sa-responsabilite\/","title":{"rendered":"Lors de sa visite du lieu de l\u2019accident et aux bless\u00e9s hospitalis\u00e9s-Kais Saied [VIDEO] : \u00ab Chacun assumera sa responsabilit\u00e9 \u00bb"},"content":{"rendered":"<div>\n<p>Le pr\u00e9sident de la R\u00e9publique, Kais Saied s\u2019est rendu ce lundi soir 21 mars 2022, sur les lieux de l\u2019accident ferroviaire survenu ce matin et il a \u00e9galement rendu visite aux bless\u00e9s \u00e0 l\u2019h\u00f4pital Charles Nicolle. Saied a d\u00e9clar\u00e9 que le manque de sens de responsabilit\u00e9 a conduit \u00e0 un \u00e9tat d\u2019oisivet\u00e9 et que \u00ab [\u2026]<\/p>\n<p>L\u2019article <a href=\"https:\/\/www.tunisienumerique.com\/lors-de-sa-visite-du-lieu-de-laccident-et-aux-blesses-hospitalises-kais-saied-video-chacun-assumera-sa-responsabilite\/\">Lors de sa visite du lieu de l\u2019accident et aux bless\u00e9s hospitalis\u00e9s-Kais Saied [VIDEO] : \u00ab Chacun assumera sa responsabilit\u00e9 \u00bb<\/a> est apparu en premier sur <a href=\"https:\/\/www.tunisienumerique.com\/\">Tunisie<\/a>.<\/p>\n<\/div>\n<p>Auteur: rania ben slimane<br \/>\n<a href=\"https:\/\/www.tunisienumerique.com\/lors-de-sa-visite-du-lieu-de-laccident-et-aux-blesses-hospitalises-kais-saied-video-chacun-assumera-sa-responsabilite\/\">Cliquez ici pour lire l&rsquo;article depuis sa source.<\/a><\/p>\n","protected":false},"excerpt":{"rendered":"<p>Le pr\u00e9sident de la R\u00e9publique, Kais Saied s\u2019est rendu ce lundi soir 21 mars 2022, sur les lieux de l\u2019accident ferroviaire survenu ce matin et il a \u00e9galement rendu visite aux bless\u00e9s \u00e0 l\u2019h\u00f4pital Charles Nicolle. Saied a d\u00e9clar\u00e9 que le manque de sens de responsabilit\u00e9 a conduit \u00e0 un \u00e9tat d\u2019oisivet\u00e9 et que \u00ab [&hellip;]<\/p>\n","protected":false},"author":1789,"featured_media":0,"comment_status":"closed","ping_status":"closed","sticky":false,"template":"","format":"standard","meta":{"fifu_image_url":"","fifu_image_alt":"","footnotes":""},"categories":[73,55],"tags":[],"class_list":["post-143613","post","type-post","status-publish","format-standard","hentry","category-actualite","category-tunisie"],"_links":{"self":[{"href":"https:\/\/linitiative.ca\/International\/wp-json\/wp\/v2\/posts\/143613","targetHints":{"allow":["GET"]}}],"collection":[{"href":"https:\/\/linitiative.ca\/International\/wp-json\/wp\/v2\/posts"}],"about":[{"href":"https:\/\/linitiative.ca\/International\/wp-json\/wp\/v2\/types\/post"}],"author":[{"embeddable":true,"href":"https:\/\/linitiative.ca\/International\/wp-json\/wp\/v2\/users\/1789"}],"replies":[{"embeddable":true,"href":"https:\/\/linitiative.ca\/International\/wp-json\/wp\/v2\/comments?post=143613"}],"version-history":[{"count":0,"href":"https:\/\/linitiative.ca\/International\/wp-json\/wp\/v2\/posts\/143613\/revisions"}],"wp:attachment":[{"href":"https:\/\/linitiative.ca\/International\/wp-json\/wp\/v2\/media?parent=143613"}],"wp:term":[{"taxonomy":"category","embeddable":true,"href":"https:\/\/linitiative.ca\/International\/wp-json\/wp\/v2\/categories?post=143613"},{"taxonomy":"post_tag","embeddable":true,"href":"https:\/\/linitiative.ca\/International\/wp-json\/wp\/v2\/tags?post=143613"}],"curies":[{"name":"wp","href":"https:\/\/api.w.org\/{rel}","templated":true}]}}