{"id":143618,"date":"2022-03-21T05:26:56","date_gmt":"2022-03-21T09:26:56","guid":{"rendered":"https:\/\/linitiative.ca\/International\/accrochage-route-de-pama-a-lest-13-militaires-tombes-8-blesses-dans-une-attaque-hier-a-natiaboani\/"},"modified":"2022-03-21T05:26:56","modified_gmt":"2022-03-21T09:26:56","slug":"accrochage-route-de-pama-a-lest-13-militaires-tombes-8-blesses-dans-une-attaque-hier-a-natiaboani","status":"publish","type":"post","link":"https:\/\/linitiative.ca\/International\/accrochage-route-de-pama-a-lest-13-militaires-tombes-8-blesses-dans-une-attaque-hier-a-natiaboani\/","title":{"rendered":"Accrochage route de Pama \u00e0 l\u2019Est\u00a0: 13 militaires tomb\u00e9s, 8 bless\u00e9s dans une attaque hier \u00e0 Natiaboani"},"content":{"rendered":"<div>\n<p><strong>Une unit\u00e9 militaire engag\u00e9e dans l\u2019op\u00e9ration de s\u00e9curisation a \u00e9t\u00e9 la cible d\u2019une attaque a une vingtaine de kilom\u00e8tres \u00e0 l\u2019Est de Natiaboani le dimanche 20 mars 2021. <\/strong><strong>Selon le communiqu\u00e9 <\/strong><strong>de la Direction de la Communication et des Relations Publiques des Arm\u00e9es, treize (13) militaires sont tomb\u00e9s, huit (8) autres bless\u00e9s.<\/strong><\/p>\n<p><strong>Lire le communiqu\u00e9 ci-dessous<\/strong><\/p>\n<p><a href=\"https:\/\/www.sidwaya.info\/wp-content\/uploads\/2022\/03\/COMMUNIQUE_Accrochage-route-de-Pama.pdf\">COMMUNIQUE_Accrochage route de Pama<\/a><\/p>\n<p>L\u2019article <a rel=\"nofollow\" href=\"https:\/\/www.sidwaya.info\/blog\/2022\/03\/21\/accrochage-route-de-pama-a-lest-13-militaires-tombes-8-blesses-dans-une-attaque-hier-a-natiaboani\/\">Accrochage route de Pama \u00e0 l\u2019Est\u00a0: 13 militaires tomb\u00e9s, 8 bless\u00e9s dans une attaque hier \u00e0 Natiaboani<\/a> est apparu en premier sur <a rel=\"nofollow\" href=\"https:\/\/www.sidwaya.info\/\">Quotidien Sidwaya<\/a>.<\/p>\n<\/div>\n<p>Auteur: Wamini SIDWAYA<br \/>\n<a href=\"https:\/\/www.sidwaya.info\/blog\/2022\/03\/21\/accrochage-route-de-pama-a-lest-13-militaires-tombes-8-blesses-dans-une-attaque-hier-a-natiaboani\/?utm_source=rss&#038;utm_medium=rss&#038;utm_campaign=accrochage-route-de-pama-a-lest-13-militaires-tombes-8-blesses-dans-une-attaque-hier-a-natiaboani\">Cliquez ici pour lire l&rsquo;article depuis sa source.<\/a><\/p>\n","protected":false},"excerpt":{"rendered":"<p>Une unit\u00e9 militaire engag\u00e9e dans l\u2019op\u00e9ration de s\u00e9curisation a \u00e9t\u00e9 la cible d\u2019une attaque a une vingtaine de kilom\u00e8tres \u00e0 l\u2019Est de Natiaboani le dimanche 20 mars 2021. Selon le communiqu\u00e9 de la Direction de la Communication et des Relations Publiques des Arm\u00e9es, treize (13) militaires sont tomb\u00e9s, huit (8) autres bless\u00e9s. Lire le communiqu\u00e9 [&hellip;]<\/p>\n","protected":false},"author":1816,"featured_media":0,"comment_status":"closed","ping_status":"closed","sticky":false,"template":"","format":"standard","meta":{"fifu_image_url":"","fifu_image_alt":"","footnotes":""},"categories":[73,81],"tags":[],"class_list":["post-143618","post","type-post","status-publish","format-standard","hentry","category-actualite","category-burkina-faso"],"_links":{"self":[{"href":"https:\/\/linitiative.ca\/International\/wp-json\/wp\/v2\/posts\/143618","targetHints":{"allow":["GET"]}}],"collection":[{"href":"https:\/\/linitiative.ca\/International\/wp-json\/wp\/v2\/posts"}],"about":[{"href":"https:\/\/linitiative.ca\/International\/wp-json\/wp\/v2\/types\/post"}],"author":[{"embeddable":true,"href":"https:\/\/linitiative.ca\/International\/wp-json\/wp\/v2\/users\/1816"}],"replies":[{"embeddable":true,"href":"https:\/\/linitiative.ca\/International\/wp-json\/wp\/v2\/comments?post=143618"}],"version-history":[{"count":0,"href":"https:\/\/linitiative.ca\/International\/wp-json\/wp\/v2\/posts\/143618\/revisions"}],"wp:attachment":[{"href":"https:\/\/linitiative.ca\/International\/wp-json\/wp\/v2\/media?parent=143618"}],"wp:term":[{"taxonomy":"category","embeddable":true,"href":"https:\/\/linitiative.ca\/International\/wp-json\/wp\/v2\/categories?post=143618"},{"taxonomy":"post_tag","embeddable":true,"href":"https:\/\/linitiative.ca\/International\/wp-json\/wp\/v2\/tags?post=143618"}],"curies":[{"name":"wp","href":"https:\/\/api.w.org\/{rel}","templated":true}]}}