{"id":143619,"date":"2022-03-21T06:17:26","date_gmt":"2022-03-21T10:17:26","guid":{"rendered":"https:\/\/linitiative.ca\/International\/production-du-coton-le-mali-retrouve-sa-premiere-place\/"},"modified":"2022-03-21T06:17:26","modified_gmt":"2022-03-21T10:17:26","slug":"production-du-coton-le-mali-retrouve-sa-premiere-place","status":"publish","type":"post","link":"https:\/\/linitiative.ca\/International\/production-du-coton-le-mali-retrouve-sa-premiere-place\/","title":{"rendered":"Production du coton: Le Mali retrouve sa premi\u00e8re place \u00a0  \u00a0"},"content":{"rendered":"<div>\n<p>Les cotonculteurs maliens ont rendu fier leur pr\u00e9sident, le colonel Assimi Go\u00efta, \u00e0 travers une production de plus de 760 000 tonnes au titre de la campagne 2021-2022. Le Mali redevient ainsi le premier producteur de coton en Afrique, a d\u00e9clar\u00e9 le pr\u00e9sident de la Transition lors de la c\u00e9l\u00e9bration de la f\u00eate du Coton avec les \u00ab\u00a0cotonculteurs\u00a0\u00bb de la r\u00e9gion de \u00a0Koutiala. Dans un communiqu\u00e9, la pr\u00e9sidence a soulign\u00e9 que cette performance a \u00e9t\u00e9 possible gr\u00e2ce au maintien de la subvention des intrants agricoles et l\u2019augmentation du prix du coton-graine qui est pass\u00e9 de 250 \u00e0 280 francs CFA. Selon Assimi Goita, le nouveau Mali doit r\u00e9aliser de grandes choses pour le bonheur de tous les Maliens.<\/p>\n<p>A.K.<\/p>\n<p>L\u2019article <a rel=\"nofollow\" href=\"https:\/\/www.sidwaya.info\/blog\/2022\/03\/21\/production-du-coton-le-mali-retrouve-sa-premiere-place\/\">Production du coton: Le Mali retrouve sa premi\u00e8re place \u00a0  \u00a0<\/a> est apparu en premier sur <a rel=\"nofollow\" href=\"https:\/\/www.sidwaya.info\/\">Quotidien Sidwaya<\/a>.<\/p>\n<\/div>\n<p>Auteur: BS. Sidwaya<br \/>\n<a href=\"https:\/\/www.sidwaya.info\/blog\/2022\/03\/21\/production-du-coton-le-mali-retrouve-sa-premiere-place\/?utm_source=rss&#038;utm_medium=rss&#038;utm_campaign=production-du-coton-le-mali-retrouve-sa-premiere-place\">Cliquez ici pour lire l&rsquo;article depuis sa source.<\/a><\/p>\n","protected":false},"excerpt":{"rendered":"<p>Les cotonculteurs maliens ont rendu fier leur pr\u00e9sident, le colonel Assimi Go\u00efta, \u00e0 travers une production de plus de 760 000 tonnes au titre de la campagne 2021-2022. Le Mali redevient ainsi le premier producteur de coton en Afrique, a d\u00e9clar\u00e9 le pr\u00e9sident de la Transition lors de la c\u00e9l\u00e9bration de la f\u00eate du Coton [&hellip;]<\/p>\n","protected":false},"author":1816,"featured_media":0,"comment_status":"closed","ping_status":"closed","sticky":false,"template":"","format":"standard","meta":{"fifu_image_url":"","fifu_image_alt":"","footnotes":""},"categories":[73,81],"tags":[],"class_list":["post-143619","post","type-post","status-publish","format-standard","hentry","category-actualite","category-burkina-faso"],"_links":{"self":[{"href":"https:\/\/linitiative.ca\/International\/wp-json\/wp\/v2\/posts\/143619","targetHints":{"allow":["GET"]}}],"collection":[{"href":"https:\/\/linitiative.ca\/International\/wp-json\/wp\/v2\/posts"}],"about":[{"href":"https:\/\/linitiative.ca\/International\/wp-json\/wp\/v2\/types\/post"}],"author":[{"embeddable":true,"href":"https:\/\/linitiative.ca\/International\/wp-json\/wp\/v2\/users\/1816"}],"replies":[{"embeddable":true,"href":"https:\/\/linitiative.ca\/International\/wp-json\/wp\/v2\/comments?post=143619"}],"version-history":[{"count":0,"href":"https:\/\/linitiative.ca\/International\/wp-json\/wp\/v2\/posts\/143619\/revisions"}],"wp:attachment":[{"href":"https:\/\/linitiative.ca\/International\/wp-json\/wp\/v2\/media?parent=143619"}],"wp:term":[{"taxonomy":"category","embeddable":true,"href":"https:\/\/linitiative.ca\/International\/wp-json\/wp\/v2\/categories?post=143619"},{"taxonomy":"post_tag","embeddable":true,"href":"https:\/\/linitiative.ca\/International\/wp-json\/wp\/v2\/tags?post=143619"}],"curies":[{"name":"wp","href":"https:\/\/api.w.org\/{rel}","templated":true}]}}