{"id":143620,"date":"2022-03-21T10:33:29","date_gmt":"2022-03-21T14:33:29","guid":{"rendered":"https:\/\/linitiative.ca\/International\/mali-deces-de-lex-premier-ministre-soumeylou-boubeye-maiga\/"},"modified":"2022-03-21T10:33:29","modified_gmt":"2022-03-21T14:33:29","slug":"mali-deces-de-lex-premier-ministre-soumeylou-boubeye-maiga","status":"publish","type":"post","link":"https:\/\/linitiative.ca\/International\/mali-deces-de-lex-premier-ministre-soumeylou-boubeye-maiga\/","title":{"rendered":"Mali: D\u00e9c\u00e8s de l\u2019ex-Premier ministre Soumeylou Boub\u00e8ye Ma\u00efga"},"content":{"rendered":"<div>\n<p>L\u2019ancien Premier ministre malien Soumeylou Boub\u00e8ye Ma\u00efga est d\u00e9c\u00e9d\u00e9 ce lundi 21 mars 2022, selon ses proches, dans une clinique de Bamako. A l\u2019\u00e2ge de 68 ans. \u00a0Incarc\u00e9r\u00e9 dans le cadre d\u2019une enqu\u00eate anti-corruption, li\u00e9e notamment \u00e0 des contrats d\u2019\u00e9quipements militaires, son \u00e9tat de sant\u00e9 s\u2019\u00e9tait profond\u00e9ment d\u00e9grad\u00e9 \u00e0 cause des conditions de d\u00e9tention\u00a0 difficiles. Hospitalis\u00e9 dans une clinique de Bamako, ses m\u00e9decins et sa famille avaient sollicit\u00e9, en vain aupr\u00e8s de la junte militaire, une \u00e9vacuation \u00e0 l\u2019\u00e9tranger. Poids lourd de la politique malienne, Soumeylou Boub\u00e8ye Ma\u00efga fut entre 2017 et 2019 le Premier ministre du pr\u00e9sident Ibrahim Boubacar Ke\u00efta. Il \u00a0avait \u00e9t\u00e9 contraint \u00e0 la d\u00e9mission apr\u00e8s le massacre de 160 civils peuls en avril 2019 \u00e0 Ogossagou (centre) par de pr\u00e9sum\u00e9s chasseurs dogons.<\/p>\n<p>A.K<\/p>\n<p>L\u2019article <a rel=\"nofollow\" href=\"https:\/\/www.sidwaya.info\/blog\/2022\/03\/21\/mali-deces-de-lex-premier-ministre-soumeylou-boubeye-maiga\/\">Mali: D\u00e9c\u00e8s de l\u2019ex-Premier ministre Soumeylou Boub\u00e8ye Ma\u00efga<\/a> est apparu en premier sur <a rel=\"nofollow\" href=\"https:\/\/www.sidwaya.info\/\">Quotidien Sidwaya<\/a>.<\/p>\n<\/div>\n<p>Auteur: BS. Sidwaya<br \/>\n<a href=\"https:\/\/www.sidwaya.info\/blog\/2022\/03\/21\/mali-deces-de-lex-premier-ministre-soumeylou-boubeye-maiga\/?utm_source=rss&#038;utm_medium=rss&#038;utm_campaign=mali-deces-de-lex-premier-ministre-soumeylou-boubeye-maiga\">Cliquez ici pour lire l&rsquo;article depuis sa source.<\/a><\/p>\n","protected":false},"excerpt":{"rendered":"<p>L\u2019ancien Premier ministre malien Soumeylou Boub\u00e8ye Ma\u00efga est d\u00e9c\u00e9d\u00e9 ce lundi 21 mars 2022, selon ses proches, dans une clinique de Bamako. A l\u2019\u00e2ge de 68 ans. \u00a0Incarc\u00e9r\u00e9 dans le cadre d\u2019une enqu\u00eate anti-corruption, li\u00e9e notamment \u00e0 des contrats d\u2019\u00e9quipements militaires, son \u00e9tat de sant\u00e9 s\u2019\u00e9tait profond\u00e9ment d\u00e9grad\u00e9 \u00e0 cause des conditions de d\u00e9tention\u00a0 difficiles. [&hellip;]<\/p>\n","protected":false},"author":1816,"featured_media":0,"comment_status":"closed","ping_status":"closed","sticky":false,"template":"","format":"standard","meta":{"fifu_image_url":"","fifu_image_alt":"","footnotes":""},"categories":[73,81],"tags":[],"class_list":["post-143620","post","type-post","status-publish","format-standard","hentry","category-actualite","category-burkina-faso"],"_links":{"self":[{"href":"https:\/\/linitiative.ca\/International\/wp-json\/wp\/v2\/posts\/143620","targetHints":{"allow":["GET"]}}],"collection":[{"href":"https:\/\/linitiative.ca\/International\/wp-json\/wp\/v2\/posts"}],"about":[{"href":"https:\/\/linitiative.ca\/International\/wp-json\/wp\/v2\/types\/post"}],"author":[{"embeddable":true,"href":"https:\/\/linitiative.ca\/International\/wp-json\/wp\/v2\/users\/1816"}],"replies":[{"embeddable":true,"href":"https:\/\/linitiative.ca\/International\/wp-json\/wp\/v2\/comments?post=143620"}],"version-history":[{"count":0,"href":"https:\/\/linitiative.ca\/International\/wp-json\/wp\/v2\/posts\/143620\/revisions"}],"wp:attachment":[{"href":"https:\/\/linitiative.ca\/International\/wp-json\/wp\/v2\/media?parent=143620"}],"wp:term":[{"taxonomy":"category","embeddable":true,"href":"https:\/\/linitiative.ca\/International\/wp-json\/wp\/v2\/categories?post=143620"},{"taxonomy":"post_tag","embeddable":true,"href":"https:\/\/linitiative.ca\/International\/wp-json\/wp\/v2\/tags?post=143620"}],"curies":[{"name":"wp","href":"https:\/\/api.w.org\/{rel}","templated":true}]}}