{"id":143621,"date":"2022-03-21T15:19:49","date_gmt":"2022-03-21T19:19:49","guid":{"rendered":"https:\/\/linitiative.ca\/International\/personnes-deplacees-internes-et-populations-hotes-un-projet-pour-renforcer-la-cohesion-sociale\/"},"modified":"2022-03-21T15:19:49","modified_gmt":"2022-03-21T19:19:49","slug":"personnes-deplacees-internes-et-populations-hotes-un-projet-pour-renforcer-la-cohesion-sociale","status":"publish","type":"post","link":"https:\/\/linitiative.ca\/International\/personnes-deplacees-internes-et-populations-hotes-un-projet-pour-renforcer-la-cohesion-sociale\/","title":{"rendered":"Personnes d\u00e9plac\u00e9es internes et populations-h\u00f4tes: Un projet pour renforcer la coh\u00e9sion sociale"},"content":{"rendered":"<div>\n<p><strong>L\u2019Association peace for all (APEFALL) a proc\u00e9d\u00e9, le jeudi 10 mars 2022 \u00e0 D\u00e9dougou, au lancement du projet Initiative communautaire d\u2019appui au renforcement de la coh\u00e9sion sociale entre les Populations d\u00e9plac\u00e9es internes (PDI) et les populations-h\u00f4tes dans la r\u00e9gion de la Boucle du Mouhoun. Ce projet, d\u2019une dur\u00e9e de 24 mois, couvrira 11 communes de la r\u00e9gion.<\/strong><\/p>\n<p><strong><em>\u00a0<\/em><\/strong>Contribuer au renforcement de la coh\u00e9sion sociale et de la paix entre les communaut\u00e9s de la r\u00e9gion de la Boucle du Mouhoun d\u2019ici \u00e0 fin 2023, r\u00e9duire les conflits entre agriculteurs et \u00e9leveurs, renforcer les relations inter et intracommunautaires entre populations d\u00e9plac\u00e9es et populations r\u00e9sidentes, tels sont les objectifs du projet Initiative communautaire d\u2019appui au renforcement de la coh\u00e9sion sociale entre les Populations d\u00e9plac\u00e9es internes (PDI) et les populations-h\u00f4tes dans la r\u00e9gion de la Boucle du Mouhoun. Il a \u00e9t\u00e9 lanc\u00e9, le jeudi 10 mars 2022 \u00e0 D\u00e9dougou. Pour son coordonnateur, Boama Tankoano, ce projet interviendra dans cinq provinces de la r\u00e9gion de la Boucle du Mouhoun et couvrira 11 communes. Il s\u2019agit des communes de Boromo, Fara, Poura, Siby, Kouka, Bomborokuy, Djibasso, Solenzo, Nouna, D\u00e9dougou et Tougan. Son co\u00fbt global est d\u2019environ 100\u00a0000\u00a0000 F CFA. A entendre M. Tankoano, son approche sera bas\u00e9e sur un processus de d\u00e9sengagement de l\u2019action par une autonomisation et le renforcement des acteurs locaux et de la soci\u00e9t\u00e9 civile pour renforcer la coh\u00e9sion sociale et la paix. Selon le pr\u00e9fet du d\u00e9partement de D\u00e9dougou, Ourob\u00e8 Dioma, la mise en \u0153uvre de ce projet permettra de renforcer les m\u00e9canismes endog\u00e8nes de pr\u00e9vention et de gestion des conflits, et am\u00e9liorera la coh\u00e9sion sociale entre les communaut\u00e9s. Il a aussi traduit sa reconnaissance \u00e0 l\u2019ambassade royale du Danemark pour son soutien et salu\u00e9 l\u2019engagement de l\u2019Association peace for all pour la mise en \u0153uvre de ce projet et ses actions dans le cadre de la promotion des droits humains, de la paix et de la coh\u00e9sion sociale. <img decoding=\"async\" loading=\"lazy\" class=\"alignnone wp-image-46968 size-full\" src=\"https:\/\/linitiative.ca\/International\/wp-content\/uploads\/sites\/23\/2022\/03\/Photo-2-1.jpg\" alt=\"\" width=\"800\" height=\"925\" srcset=\"https:\/\/linitiative.ca\/International\/wp-content\/uploads\/sites\/23\/2022\/03\/Photo-2-1.jpg 800w, https:\/\/www.sidwaya.info\/wp-content\/uploads\/2022\/03\/Photo-2-1-259x300.jpg 259w, https:\/\/www.sidwaya.info\/wp-content\/uploads\/2022\/03\/Photo-2-1-768x888.jpg 768w, https:\/\/www.sidwaya.info\/wp-content\/uploads\/2022\/03\/Photo-2-1-150x173.jpg 150w, https:\/\/www.sidwaya.info\/wp-content\/uploads\/2022\/03\/Photo-2-1-300x347.jpg 300w, https:\/\/www.sidwaya.info\/wp-content\/uploads\/2022\/03\/Photo-2-1-696x805.jpg 696w, https:\/\/www.sidwaya.info\/wp-content\/uploads\/2022\/03\/Photo-2-1-363x420.jpg 363w\" sizes=\"auto, (max-width: 800px) 100vw, 800px\">De l\u2019avis de la pr\u00e9sidente de l\u2019APEFALL, Aim\u00e9e Guiguemd\u00e9, le projet est n\u00e9 d\u2019un appel lanc\u00e9 par l\u2019ambassade royale du Danemark au Burkina Faso dans le cadre de son programme \u00ab\u00a0Promotion des droits humains, de la paix et de la coh\u00e9sion sociale 2022-2025\u00a0\u00bb auquel l\u2019Association peace for all a postul\u00e9.<\/p>\n<p style=\"text-align: right\">\u00a0\u00a0\u00a0\u00a0\u00a0\u00a0\u00a0\u00a0\u00a0\u00a0\u00a0\u00a0\u00a0\u00a0\u00a0\u00a0\u00a0\u00a0\u00a0\u00a0\u00a0\u00a0\u00a0\u00a0\u00a0\u00a0\u00a0\u00a0\u00a0\u00a0\u00a0\u00a0\u00a0\u00a0\u00a0\u00a0\u00a0\u00a0\u00a0\u00a0\u00a0\u00a0\u00a0\u00a0\u00a0\u00a0\u00a0\u00a0\u00a0\u00a0\u00a0\u00a0\u00a0\u00a0\u00a0\u00a0\u00a0\u00a0\u00a0\u00a0\u00a0\u00a0\u00a0\u00a0\u00a0\u00a0 <strong>Stanislas BADO<\/strong><\/p>\n<p style=\"text-align: right\"><strong>(AIB\/ Mouhoun)<\/strong><\/p>\n<p>L\u2019article <a rel=\"nofollow\" href=\"https:\/\/www.sidwaya.info\/blog\/2022\/03\/21\/personnes-deplacees-internes-et-populations-hotes-un-projet-pour-renforcer-la-cohesion-sociale\/\">Personnes d\u00e9plac\u00e9es internes et populations-h\u00f4tes: Un projet pour renforcer la coh\u00e9sion sociale<\/a> est apparu en premier sur <a rel=\"nofollow\" href=\"https:\/\/www.sidwaya.info\/\">Quotidien Sidwaya<\/a>.<\/p>\n<\/div>\n<p>Auteur: BS. Sidwaya<br \/>\n<a href=\"https:\/\/www.sidwaya.info\/blog\/2022\/03\/21\/personnes-deplacees-internes-et-populations-hotes-un-projet-pour-renforcer-la-cohesion-sociale\/?utm_source=rss&#038;utm_medium=rss&#038;utm_campaign=personnes-deplacees-internes-et-populations-hotes-un-projet-pour-renforcer-la-cohesion-sociale\">Cliquez ici pour lire l&rsquo;article depuis sa source.<\/a><\/p>\n","protected":false},"excerpt":{"rendered":"<p>L\u2019Association peace for all (APEFALL) a proc\u00e9d\u00e9, le jeudi 10 mars 2022 \u00e0 D\u00e9dougou, au lancement du projet Initiative communautaire d\u2019appui au renforcement de la coh\u00e9sion sociale entre les Populations d\u00e9plac\u00e9es internes (PDI) et les populations-h\u00f4tes dans la r\u00e9gion de la Boucle du Mouhoun. Ce projet, d\u2019une dur\u00e9e de 24 mois, couvrira 11 communes de [&hellip;]<\/p>\n","protected":false},"author":1816,"featured_media":0,"comment_status":"closed","ping_status":"closed","sticky":false,"template":"","format":"standard","meta":{"fifu_image_url":"https:\/\/www.sidwaya.info\/wp-content\/uploads\/2022\/03\/Photo-2-1.jpg","fifu_image_alt":"Personnes d\u00e9plac\u00e9es internes et populations-h\u00f4tes: Un projet pour renforcer la coh\u00e9sion sociale","footnotes":""},"categories":[73,81],"tags":[],"class_list":["post-143621","post","type-post","status-publish","format-standard","hentry","category-actualite","category-burkina-faso"],"_links":{"self":[{"href":"https:\/\/linitiative.ca\/International\/wp-json\/wp\/v2\/posts\/143621","targetHints":{"allow":["GET"]}}],"collection":[{"href":"https:\/\/linitiative.ca\/International\/wp-json\/wp\/v2\/posts"}],"about":[{"href":"https:\/\/linitiative.ca\/International\/wp-json\/wp\/v2\/types\/post"}],"author":[{"embeddable":true,"href":"https:\/\/linitiative.ca\/International\/wp-json\/wp\/v2\/users\/1816"}],"replies":[{"embeddable":true,"href":"https:\/\/linitiative.ca\/International\/wp-json\/wp\/v2\/comments?post=143621"}],"version-history":[{"count":0,"href":"https:\/\/linitiative.ca\/International\/wp-json\/wp\/v2\/posts\/143621\/revisions"}],"wp:attachment":[{"href":"https:\/\/linitiative.ca\/International\/wp-json\/wp\/v2\/media?parent=143621"}],"wp:term":[{"taxonomy":"category","embeddable":true,"href":"https:\/\/linitiative.ca\/International\/wp-json\/wp\/v2\/categories?post=143621"},{"taxonomy":"post_tag","embeddable":true,"href":"https:\/\/linitiative.ca\/International\/wp-json\/wp\/v2\/tags?post=143621"}],"curies":[{"name":"wp","href":"https:\/\/api.w.org\/{rel}","templated":true}]}}