{"id":143623,"date":"2022-03-21T16:13:22","date_gmt":"2022-03-21T20:13:22","guid":{"rendered":"https:\/\/linitiative.ca\/International\/crise-securitaire-et-humanitaire-le-premier-ministre-attend-des-actions-rapides-et-concertees\/"},"modified":"2022-03-21T16:13:22","modified_gmt":"2022-03-21T20:13:22","slug":"crise-securitaire-et-humanitaire-le-premier-ministre-attend-des-actions-rapides-et-concertees","status":"publish","type":"post","link":"https:\/\/linitiative.ca\/International\/crise-securitaire-et-humanitaire-le-premier-ministre-attend-des-actions-rapides-et-concertees\/","title":{"rendered":"Crise s\u00e9curitaire et humanitaire\u00a0: Le Premier ministre attend des actions rapides et concert\u00e9es"},"content":{"rendered":"<div>\n<p>Le Premier ministre, Albert Ou\u00e9draogo, a pr\u00e9sid\u00e9 ce lundi 21 mars 2022, un conseil de cabinet regroupant tous les d\u00e9partements concern\u00e9s par les questions s\u00e9curitaires d\u2019une part, et d\u2019autre part, ceux en charge de la gestion de la crise humanitaire qui en d\u00e9coule. Ensemble, les membres du conseil ont d\u00e9cid\u00e9 de passer \u00e0 la vitesse sup\u00e9rieure, avec une batterie d\u2019actions \u00e0 mener et cela, de fa\u00e7on transversale, en vue d\u2019apporter des r\u00e9ponses diligentes aux pr\u00e9occupations des populations.<\/p>\n<p>Le premier Conseil des ministres de la Transition, tenu le 18 mars dernier sous la pr\u00e9sidence du Chef de l\u2019Etat, le lieutenant-colonel Paul-Henri Sandaogo Damiba, avait inscrit \u00e0 son ordre du jour, la principale pr\u00e9occupation de l\u2019heure au Burkina Faso. Il s\u2019agit de la question s\u00e9curitaire et surtout des r\u00e9ponses urgentes et adapt\u00e9es \u00e0 y apporter, pour soulager les souffrances des populations. En organisant ce 21 mars 2022 un conseil de cabinet autour du Chef de l\u2019Ex\u00e9cutif, Albert Ou\u00e9draogo, il a \u00e9t\u00e9 surtout question de renforcer le socle sur lequel doivent s\u2019enraciner toutes les actions du Gouvernement, dans le domaine de la gestion de la crise s\u00e9curitaire et ses corollaires.<br \/>\nAinsi, les membres du gouvernement concern\u00e9s, ont fait le point des probl\u00e8mes sp\u00e9cifiques \u00e0 leurs d\u00e9partements respectifs. Et dans l\u2019optique d\u2019apporter des r\u00e9ponses globales et efficaces sur ces questions transversales, chaque d\u00e9partement minist\u00e9riel fait des propositions allant dans le sens de solutions vigoureuses qui englobent tous les aspects de cette crise s\u00e9curitaire. Le temps presse et le Premier ministre veut obtenir des r\u00e9sultats rapides sur le terrain. De l\u2019avis du Chef du Chef du Gouvernement, les instructions du Pr\u00e9sident du Faso sont claires, les probl\u00e8mes connus et chaque acteur doit jouer pleinement sa partition, sans attendre.<br \/>\nPour le ministre d\u2019Etat en charge de la D\u00e9fense, le g\u00e9n\u00e9ral Barth\u00e9lemy Simpor\u00e9, ce conseil de cabinet a permis de passer en revue, l\u2019ensemble des probl\u00e9matiques du moment. Les op\u00e9rationnels comme le chef d\u2019Etat-major g\u00e9n\u00e9ral des Arm\u00e9es, et le commandement des op\u00e9rations de th\u00e9\u00e2tre national, vont r\u00e9examiner la situation, en y apportant leur touche, selon les besoins exprim\u00e9s.<br \/>\nLe ministre porte-parole du Gouvernement, Lionel Bilgo, a indiqu\u00e9 avec force que l\u2019ex\u00e9cutif a pris la pleine mesure des enjeux du moment et proposera des solutions \u00e0 mettre en \u0153uvre, avec le concours de toutes les parties prenantes. Selon lui, ce conseil de cabinet constitue en lui-m\u00eame un message d\u2019unit\u00e9, de r\u00e9flexion, de compr\u00e9hension de l\u2019ensemble des enjeux, mais aussi un message de solutions propos\u00e9es, pour faire face \u00e0 cette crise.<br \/>\nLe Gouvernement dit-il, reste par ailleurs convaincu que cette guerre ne va pas se gagner seulement par l\u2019action militaire et humanitaire, mais aussi par le retour de l\u2019Etat et de ses symboles dans les zones fortement impact\u00e9es par le terrorisme. La vision \u00e9tant d\u2019obtenir un m\u00e9canisme harmonieux et int\u00e9gr\u00e9, il sera organis\u00e9 d\u00e8s ce mardi 22 mars, une autre rencontre qui aura pour objectif, de mettre en place une \u00ab\u00a0task-force\u00a0\u00bb. C\u2019est un groupe de travail qui aura la lourde t\u00e2che de r\u00e9fl\u00e9chir sur l\u2019op\u00e9rationnalisation de l\u2019ensemble des id\u00e9es qui ont \u00e9t\u00e9 \u00e9mises au cours de ce conseil de cabinet.<br \/>\nA noter que cette rencontre a \u00e9t\u00e9 une occasion pour le Gouvernement, de saluer la m\u00e9moire de nos braves soldats tomb\u00e9s sur le champ d\u2019honneur ces derniers jours, d\u2019adresser des v\u0153ux de prompt r\u00e9tablissement aux bless\u00e9s et d\u2019exprimer sa compassion et sa solidarit\u00e9 envers les familles et les fr\u00e8res d\u2019armes tomb\u00e9s.<br \/>\n\u00ab\u00a0Le conseil de cabinet \u00e9tait empreinte de douleur et d\u2019\u00e9motion, avec les r\u00e9centes attaques, mais aussi de courage et de d\u00e9termination, pour arriver \u00e0 juguler cette grande crise s\u00e9curitaire et humanitaire\u00a0\u00bb, a indiqu\u00e9 le porte-parole du Gouvernement, Lionel Bilgo.<\/p>\n<p>DCRP\/Primature<\/p>\n<p>L\u2019article <a rel=\"nofollow\" href=\"https:\/\/www.sidwaya.info\/blog\/2022\/03\/21\/crise-securitaire-et-humanitaire-le-premier-ministre-attend-des-actions-rapides-et-concertees\/\">Crise s\u00e9curitaire et humanitaire\u00a0: Le Premier ministre attend des actions rapides et concert\u00e9es<\/a> est apparu en premier sur <a rel=\"nofollow\" href=\"https:\/\/www.sidwaya.info\/\">Quotidien Sidwaya<\/a>.<\/p>\n<\/div>\n<p>Auteur: BS. Sidwaya<br \/>\n<a href=\"https:\/\/www.sidwaya.info\/blog\/2022\/03\/21\/crise-securitaire-et-humanitaire-le-premier-ministre-attend-des-actions-rapides-et-concertees\/?utm_source=rss&#038;utm_medium=rss&#038;utm_campaign=crise-securitaire-et-humanitaire-le-premier-ministre-attend-des-actions-rapides-et-concertees\">Cliquez ici pour lire l&rsquo;article depuis sa source.<\/a><\/p>\n","protected":false},"excerpt":{"rendered":"<p>Le Premier ministre, Albert Ou\u00e9draogo, a pr\u00e9sid\u00e9 ce lundi 21 mars 2022, un conseil de cabinet regroupant tous les d\u00e9partements concern\u00e9s par les questions s\u00e9curitaires d\u2019une part, et d\u2019autre part, ceux en charge de la gestion de la crise humanitaire qui en d\u00e9coule. Ensemble, les membres du conseil ont d\u00e9cid\u00e9 de passer \u00e0 la vitesse [&hellip;]<\/p>\n","protected":false},"author":1816,"featured_media":0,"comment_status":"closed","ping_status":"closed","sticky":false,"template":"","format":"standard","meta":{"fifu_image_url":"","fifu_image_alt":"","footnotes":""},"categories":[73,81],"tags":[],"class_list":["post-143623","post","type-post","status-publish","format-standard","hentry","category-actualite","category-burkina-faso"],"_links":{"self":[{"href":"https:\/\/linitiative.ca\/International\/wp-json\/wp\/v2\/posts\/143623","targetHints":{"allow":["GET"]}}],"collection":[{"href":"https:\/\/linitiative.ca\/International\/wp-json\/wp\/v2\/posts"}],"about":[{"href":"https:\/\/linitiative.ca\/International\/wp-json\/wp\/v2\/types\/post"}],"author":[{"embeddable":true,"href":"https:\/\/linitiative.ca\/International\/wp-json\/wp\/v2\/users\/1816"}],"replies":[{"embeddable":true,"href":"https:\/\/linitiative.ca\/International\/wp-json\/wp\/v2\/comments?post=143623"}],"version-history":[{"count":0,"href":"https:\/\/linitiative.ca\/International\/wp-json\/wp\/v2\/posts\/143623\/revisions"}],"wp:attachment":[{"href":"https:\/\/linitiative.ca\/International\/wp-json\/wp\/v2\/media?parent=143623"}],"wp:term":[{"taxonomy":"category","embeddable":true,"href":"https:\/\/linitiative.ca\/International\/wp-json\/wp\/v2\/categories?post=143623"},{"taxonomy":"post_tag","embeddable":true,"href":"https:\/\/linitiative.ca\/International\/wp-json\/wp\/v2\/tags?post=143623"}],"curies":[{"name":"wp","href":"https:\/\/api.w.org\/{rel}","templated":true}]}}