{"id":143624,"date":"2022-03-21T12:35:25","date_gmt":"2022-03-21T16:35:25","guid":{"rendered":"https:\/\/linitiative.ca\/International\/le-camerounais-francis-ngannou-opere-du-genou-droit-aux-etats-unis\/"},"modified":"2022-03-21T12:35:25","modified_gmt":"2022-03-21T16:35:25","slug":"le-camerounais-francis-ngannou-opere-du-genou-droit-aux-etats-unis","status":"publish","type":"post","link":"https:\/\/linitiative.ca\/International\/le-camerounais-francis-ngannou-opere-du-genou-droit-aux-etats-unis\/","title":{"rendered":"Le camerounais Francis Ngannou op\u00e9r\u00e9 du genou droit aux \u00c9tats-Unis"},"content":{"rendered":"<div>\n<p><img decoding=\"async\" width=\"960\" height=\"460\" src=\"https:\/\/linitiative.ca\/International\/wp-content\/uploads\/sites\/23\/2022\/03\/Francis-Ngannou-opere-du-genou-droit-avec-succes-aux-Etats-Unis.jpg\" class=\"attachment-post-thumbnail size-post-thumbnail wp-post-image\" alt=\"\" loading=\"lazy\" srcset=\"https:\/\/linitiative.ca\/International\/wp-content\/uploads\/sites\/23\/2022\/03\/Francis-Ngannou-opere-du-genou-droit-avec-succes-aux-Etats-Unis.jpg 960w, https:\/\/www.journalducameroun.com\/wp-content\/uploads\/2022\/03\/Francis-Ngannou-opere-du-genou-droit-avec-succes-aux-Etats-Unis-300x144.jpg 300w, https:\/\/www.journalducameroun.com\/wp-content\/uploads\/2022\/03\/Francis-Ngannou-opere-du-genou-droit-avec-succes-aux-Etats-Unis-768x368.jpg 768w, https:\/\/www.journalducameroun.com\/wp-content\/uploads\/2022\/03\/Francis-Ngannou-opere-du-genou-droit-avec-succes-aux-Etats-Unis-918x440.jpg 918w, https:\/\/www.journalducameroun.com\/wp-content\/uploads\/2022\/03\/Francis-Ngannou-opere-du-genou-droit-avec-succes-aux-Etats-Unis-600x288.jpg 600w\" sizes=\"auto, (max-width: 960px) 100vw, 960px\"><\/p>\n<h2 style=\"text-align: justify;\">Champion des poids lourds de l\u2019UFC, Francis Ngannou s\u2019est fait op\u00e9rer du genou droit avec succ\u00e8s \u00e0 Los Angeles, ce samedi.<\/h2>\n<p style=\"text-align: justify;\">Des nouvelles rassurantes pour la star mondiale du MMA. Comme pr\u00e9vu, le champion du monde camerounais de l\u2019UFC des poids lourds Francis Ngannou\u00a0\u00a0s\u2019est fait op\u00e9rer du genou droit \u00e0 Los Angeles, ce qui va l&#8217;emp\u00eacher de prendre part \u00e0 tout combat avant plusieurs mois. \u00ab\u00a0L&rsquo;op\u00e9ration du genou s&rsquo;est tr\u00e8s bien pass\u00e9e aujourd&rsquo;hui. C&rsquo;est l&rsquo;heure de la r\u00e9\u00e9ducation pour tout ramener \u00e0 la normale et se remettre sur de bons rails\u00a0\u00bb, a comment\u00e9 la l\u00e9gende de 35 ans ce samedi sur ses r\u00e9seaux sociaux.<\/p>\n<p style=\"text-align: justify;\">En janvier dernier, \u00e0 l&rsquo;issue de sa victoire par d\u00e9cision unanime contre le Fran\u00e7ais Ciryl Gane pour la d\u00e9fense de son titre, Ngannou avait r\u00e9v\u00e9l\u00e9 avoir combattu avec le genou bless\u00e9 et endommag\u00e9 au niveau des ligaments crois\u00e9s. <em>\u00ab\u00a0Comme j&rsquo;avais un handicap avec un ligament crois\u00e9 ant\u00e9rieur d\u00e9chir\u00e9 il y a trois semaines, j&rsquo;ai saisi l&rsquo;occasion au sol car je n&rsquo;\u00e9tais pas tr\u00e8s stable sur mon genou\u00a0\u00bb,<\/em> avait-il confi\u00e9.<\/p>\n<p style=\"text-align: justify;\">\u00ab\u00a0Je pense que nous pouvons tous convenir qu&rsquo;il m\u00e9rite un peu de temps pour rentrer chez lui et \u00eatre avec sa famille et ses compatriotes. A son retour, nous pr\u00e9voyons qu&rsquo;il se fasse op\u00e9rer puis qu&rsquo;il commence le processus de r\u00e9tablissement afin de pouvoir \u00eatre de retour \u00e0 100% d\u00e8s que possible\u00a0\u00bb, avait ajout\u00e9 son manager Marquel Martin, alors que le contrat de Ngannou avec l&rsquo;UFC arrivera \u00e0 son terme \u00e0 la fin de l&rsquo;ann\u00e9e.<\/p>\n<p style=\"text-align: justify;\">Invit\u00e9 exceptionnel du Super Moscato show\u00a0 mardi dernier sur RMC, \u00ab\u00a0The Predator\u00a0\u00bb en a profit\u00e9 pour faire le point sur sa situation : <em>\u00ab\u00a0Je m\u2019entends avec eux, je suis juste pas d\u2019accord avec eux. Il y a une diff\u00e9rence. Je ne suis pas d\u2019accord avec leur fa\u00e7on de faire les choses et la fa\u00e7on dont on m\u2019a trait\u00e9. Je n\u2019ai pas \u00e9t\u00e9 d\u2019accord pour certains principes. Je ne suis pas d\u2019accord avec certaines clauses du contrat que je ne veux pas signer. C\u2019\u00e9tait une erreur d\u2019avoir sign\u00e9 \u00e7a une premi\u00e8re fois.\u00a0\u00bb<\/em><\/p>\n<p style=\"text-align: justify;\">\u00ab\u00a0J\u2019ai respect\u00e9 ma clause mais je veux de la latitude et la libert\u00e9 de me mettre sur le pi\u00e9destal en tant qu\u2019homme libre (free agent sans contrat, ndlr) avant de resigner, a-t-il insist\u00e9. (&#8230;) Ce n\u2019est pas fini avec l\u2019UFC. Il y a la possibilit\u00e9. Je n&rsquo;ai pas ferm\u00e9 la porte avec l&rsquo;UFC. J\u2019ai toujours laiss\u00e9 la porte ouverte, tant que l\u2019UFC revient \u00e0 la raison et d\u00e9cide de m&rsquo;\u00e9couter.\u00a0\u00bb<\/p>\n<p style=\"text-align: justify;\">Il est aussi revenu sur ses envies de passer \u00e0 la boxe anglaise, en abordant la question d&rsquo;un duel face \u00e0 la star Tyson Fury. <em>\u00ab\u00a0On veut organiser un combat, a confirm\u00e9 Fury. Cela fait longtemps que je veux me battre en boxe anglaise et surtout, l&rsquo;opportunit\u00e9 avec Tyson Fury cela fait deux ans que l\u2019on se chauffe un peu sur les r\u00e9seaux sociaux. On n&rsquo;est pas encore en contact.\u00a0\u00bb<\/em><\/p>\n<p style=\"text-align: justify;\">\n<p>Cet article <a rel=\"nofollow\" href=\"https:\/\/www.journalducameroun.com\/le-camerounais-francis-ngannou-opere-du-genou-droit-aux-etats-unis\/\">Le camerounais Francis Ngannou op\u00e9r\u00e9 du genou droit aux \u00c9tats-Unis<\/a> est apparu en premier sur <a rel=\"nofollow\" href=\"https:\/\/www.journalducameroun.com\/\">Journal du Cameroun<\/a>.<\/p>\n<\/div>\n<p>Auteur: Emile Zola Nd\u00e9 Tchoussi<br \/>\n<a href=\"https:\/\/www.journalducameroun.com\/le-camerounais-francis-ngannou-opere-du-genou-droit-aux-etats-unis\/\">Cliquez ici pour lire l&rsquo;article depuis sa source.<\/a><\/p>\n","protected":false},"excerpt":{"rendered":"<p>Champion des poids lourds de l\u2019UFC, Francis Ngannou s\u2019est fait op\u00e9rer du genou droit avec succ\u00e8s \u00e0 Los Angeles, ce samedi. Des nouvelles rassurantes pour la star mondiale du MMA. Comme pr\u00e9vu, le champion du monde camerounais de l\u2019UFC des poids lourds Francis Ngannou\u00a0\u00a0s\u2019est fait op\u00e9rer du genou droit \u00e0 Los Angeles, ce qui va [&hellip;]<\/p>\n","protected":false},"author":1965,"featured_media":0,"comment_status":"closed","ping_status":"closed","sticky":false,"template":"","format":"standard","meta":{"fifu_image_url":"https:\/\/www.journalducameroun.com\/wp-content\/uploads\/2022\/03\/Francis-Ngannou-opere-du-genou-droit-avec-succes-aux-Etats-Unis.jpg","fifu_image_alt":"Le camerounais Francis Ngannou op\u00e9r\u00e9 du genou droit aux \u00c9tats-Unis","footnotes":""},"categories":[73,82],"tags":[],"class_list":["post-143624","post","type-post","status-publish","format-standard","hentry","category-actualite","category-cameroun"],"_links":{"self":[{"href":"https:\/\/linitiative.ca\/International\/wp-json\/wp\/v2\/posts\/143624","targetHints":{"allow":["GET"]}}],"collection":[{"href":"https:\/\/linitiative.ca\/International\/wp-json\/wp\/v2\/posts"}],"about":[{"href":"https:\/\/linitiative.ca\/International\/wp-json\/wp\/v2\/types\/post"}],"author":[{"embeddable":true,"href":"https:\/\/linitiative.ca\/International\/wp-json\/wp\/v2\/users\/1965"}],"replies":[{"embeddable":true,"href":"https:\/\/linitiative.ca\/International\/wp-json\/wp\/v2\/comments?post=143624"}],"version-history":[{"count":0,"href":"https:\/\/linitiative.ca\/International\/wp-json\/wp\/v2\/posts\/143624\/revisions"}],"wp:attachment":[{"href":"https:\/\/linitiative.ca\/International\/wp-json\/wp\/v2\/media?parent=143624"}],"wp:term":[{"taxonomy":"category","embeddable":true,"href":"https:\/\/linitiative.ca\/International\/wp-json\/wp\/v2\/categories?post=143624"},{"taxonomy":"post_tag","embeddable":true,"href":"https:\/\/linitiative.ca\/International\/wp-json\/wp\/v2\/tags?post=143624"}],"curies":[{"name":"wp","href":"https:\/\/api.w.org\/{rel}","templated":true}]}}