{"id":143626,"date":"2022-03-21T15:18:03","date_gmt":"2022-03-21T19:18:03","guid":{"rendered":"https:\/\/linitiative.ca\/International\/cote-divoire-51-milliards-fcfa-pour-lemploi-des-jeunes\/"},"modified":"2022-03-21T15:18:03","modified_gmt":"2022-03-21T19:18:03","slug":"cote-divoire-51-milliards-fcfa-pour-lemploi-des-jeunes","status":"publish","type":"post","link":"https:\/\/linitiative.ca\/International\/cote-divoire-51-milliards-fcfa-pour-lemploi-des-jeunes\/","title":{"rendered":"C\u00f4te d\u2019Ivoire: 51 milliards Fcfa pour l\u2019emploi des jeunes"},"content":{"rendered":"<div>\n<p><img decoding=\"async\" width=\"800\" height=\"533\" src=\"https:\/\/linitiative.ca\/International\/wp-content\/uploads\/sites\/23\/2022\/03\/16478902848756.jpg\" class=\"attachment-post-thumbnail size-post-thumbnail wp-post-image\" alt=\"\" loading=\"lazy\" srcset=\"https:\/\/linitiative.ca\/International\/wp-content\/uploads\/sites\/23\/2022\/03\/16478902848756.jpg 800w, https:\/\/www.journalducameroun.com\/wp-content\/uploads\/2022\/03\/16478902848756-300x200.jpg 300w, https:\/\/www.journalducameroun.com\/wp-content\/uploads\/2022\/03\/16478902848756-768x512.jpg 768w, https:\/\/www.journalducameroun.com\/wp-content\/uploads\/2022\/03\/16478902848756-660x440.jpg 660w, https:\/\/www.journalducameroun.com\/wp-content\/uploads\/2022\/03\/16478902848756-600x400.jpg 600w\" sizes=\"auto, (max-width: 800px) 100vw, 800px\"><\/p>\n<p>L&rsquo;Agence fran\u00e7aise de d\u00e9veloppement (AFD) va accompagner l&rsquo;insertion citoyenne et professionnelle des jeunes ivoiriens.En C\u00f4te d&rsquo;Ivoire, Paris s&rsquo;engage dans l&#8217;emploi des jeunes. En effet, l&rsquo;Agence fran\u00e7aise de d\u00e9veloppement \u00a0(AFD) va d\u00e9gager une enveloppe de 51 milliards dans ce domaine, a promis Claire Zanousso, repr\u00e9sentante de l&rsquo;AFD, vendredi dernier, \u00e0 la cl\u00f4ture du 2e atelier r\u00e9gional de co-construction de la \u00ab\u00a0Jobs Facility\u00a0\u00bb, une initiative de suivi-\u00e9valuation des politiques publiques emploi-formation des jeunes.\u00a0<\/p>\n<p>\u00ab\u00a0En C\u00f4te d&rsquo;Ivoire, ce sont plus de 50 millions d&rsquo;euros qui sont consacr\u00e9s aux enjeux d&#8217;emplois des jeunes et plus de 60 millions d&rsquo;euros pour la formation professionnelle et le renforcement du dispositif d&rsquo;enseignement technique et d&rsquo;apprentissage\u00a0\u00bb, a dit Claire Zanousso.\u00a0<\/p>\n<p>Selon elle, \u00ab\u00a0les enjeux son massifs, mais on va renforcer cet accompagnement parce qu&rsquo;en 2022, un nouveau projet pour l&rsquo;insertion citoyenne et professionnelle des jeunes ivoiriens est en cours d&rsquo;ex\u00e9cution pour un montant de 78 millions d&rsquo;euros\u00a0\u00bb.<\/p>\n<p>L&rsquo;atelier r\u00e9gional de co-construction de la \u00ab\u00a0Jobs Facility\u00a0\u00bb, qui est soutenu par l&rsquo;Agence fran\u00e7aise de d\u00e9veloppement (AFD), se tient apr\u00e8s le premier atelier r\u00e9gional qui a eu lieu du 18 au 22 octobre au S\u00e9n\u00e9gal. Selon Mme Claire Zanousso, ce projet vise \u00e0 valoriser une \u00ab\u00a0communaut\u00e9 de pratiques\u00a0\u00bb.\u00a0<\/p>\n<p>La co-construction de la \u00ab\u00a0Jobs Facility\u00a0\u00bb a pour but de mettre en place des outils permettant de mener \u00e0 bien la conception, la mise en oeuvre et le suivi de politiques publiques d&#8217;emploi et de formation. C&rsquo;est un un outil d&rsquo;accompagnement et de renforcement de l&rsquo;insertion professionnelle des jeunes.\u00a0<\/p>\n<p>La directrice de Cabinet du ministre de la Promotion de la jeunesse, de l&rsquo;Insertion des jeunes et du Service civique, Mme Karitia Coulibaly De Medeiros, a affirm\u00e9 que \u00ab\u00a0le travail d\u00e9cent, surtout pour les jeunes, est au coeur des politiques de d\u00e9veloppement\u00a0\u00bb du gouvernement ivoirien.<\/p>\n<p>\u00ab\u00a0Cette initiative, a-t-elle dit, montre la n\u00e9cessit\u00e9 de faire face aux d\u00e9fis de l&#8217;emploi et de la formation des jeunes, d&rsquo;autant plus qu&rsquo;en C\u00f4te d&rsquo;Ivoire comme ailleurs dans toute l&rsquo;Afrique, des d\u00e9fis sont \u00e0 relever pour assurer l&rsquo;insertion socio-\u00e9conomique des jeunes\u00a0\u00bb. <\/p>\n<p>Cet article <a rel=\"nofollow\" href=\"https:\/\/www.journalducameroun.com\/cote-divoire-51-milliards-fcfa-pour-lemploi-des-jeunes\/\">C\u00f4te d\u2019Ivoire: 51 milliards Fcfa pour l\u2019emploi des jeunes<\/a> est apparu en premier sur <a rel=\"nofollow\" href=\"https:\/\/www.journalducameroun.com\/\">Journal du Cameroun<\/a>.<\/p>\n<\/div>\n<p>Auteur: APA News<br \/>\n<a href=\"https:\/\/www.journalducameroun.com\/cote-divoire-51-milliards-fcfa-pour-lemploi-des-jeunes\/\">Cliquez ici pour lire l&rsquo;article depuis sa source.<\/a><\/p>\n","protected":false},"excerpt":{"rendered":"<p>L&rsquo;Agence fran\u00e7aise de d\u00e9veloppement (AFD) va accompagner l&rsquo;insertion citoyenne et professionnelle des jeunes ivoiriens.En C\u00f4te d&rsquo;Ivoire, Paris s&rsquo;engage dans l&#8217;emploi des jeunes. En effet, l&rsquo;Agence fran\u00e7aise de d\u00e9veloppement \u00a0(AFD) va d\u00e9gager une enveloppe de 51 milliards dans ce domaine, a promis Claire Zanousso, repr\u00e9sentante de l&rsquo;AFD, vendredi dernier, \u00e0 la cl\u00f4ture du 2e atelier r\u00e9gional [&hellip;]<\/p>\n","protected":false},"author":1965,"featured_media":0,"comment_status":"closed","ping_status":"closed","sticky":false,"template":"","format":"standard","meta":{"fifu_image_url":"https:\/\/www.journalducameroun.com\/wp-content\/uploads\/2022\/03\/16478902848756.jpg","fifu_image_alt":"C\u00f4te d\u2019Ivoire: 51 milliards Fcfa pour l\u2019emploi des jeunes","footnotes":""},"categories":[73,82],"tags":[],"class_list":["post-143626","post","type-post","status-publish","format-standard","hentry","category-actualite","category-cameroun"],"_links":{"self":[{"href":"https:\/\/linitiative.ca\/International\/wp-json\/wp\/v2\/posts\/143626","targetHints":{"allow":["GET"]}}],"collection":[{"href":"https:\/\/linitiative.ca\/International\/wp-json\/wp\/v2\/posts"}],"about":[{"href":"https:\/\/linitiative.ca\/International\/wp-json\/wp\/v2\/types\/post"}],"author":[{"embeddable":true,"href":"https:\/\/linitiative.ca\/International\/wp-json\/wp\/v2\/users\/1965"}],"replies":[{"embeddable":true,"href":"https:\/\/linitiative.ca\/International\/wp-json\/wp\/v2\/comments?post=143626"}],"version-history":[{"count":0,"href":"https:\/\/linitiative.ca\/International\/wp-json\/wp\/v2\/posts\/143626\/revisions"}],"wp:attachment":[{"href":"https:\/\/linitiative.ca\/International\/wp-json\/wp\/v2\/media?parent=143626"}],"wp:term":[{"taxonomy":"category","embeddable":true,"href":"https:\/\/linitiative.ca\/International\/wp-json\/wp\/v2\/categories?post=143626"},{"taxonomy":"post_tag","embeddable":true,"href":"https:\/\/linitiative.ca\/International\/wp-json\/wp\/v2\/tags?post=143626"}],"curies":[{"name":"wp","href":"https:\/\/api.w.org\/{rel}","templated":true}]}}