{"id":143628,"date":"2022-03-21T15:18:04","date_gmt":"2022-03-21T19:18:04","guid":{"rendered":"https:\/\/linitiative.ca\/International\/acces-a-leau-le-senegal-en-bonne-voie-vers-lodd-6\/"},"modified":"2022-03-21T15:18:04","modified_gmt":"2022-03-21T19:18:04","slug":"acces-a-leau-le-senegal-en-bonne-voie-vers-lodd-6","status":"publish","type":"post","link":"https:\/\/linitiative.ca\/International\/acces-a-leau-le-senegal-en-bonne-voie-vers-lodd-6\/","title":{"rendered":"Acc\u00e8s \u00e0 l\u2019eau : le S\u00e9n\u00e9gal en bonne voie vers l\u2019ODD 6"},"content":{"rendered":"<div>\n<p><img decoding=\"async\" width=\"1080\" height=\"630\" src=\"https:\/\/linitiative.ca\/International\/wp-content\/uploads\/sites\/23\/2022\/03\/16478902846580.jpg\" class=\"attachment-post-thumbnail size-post-thumbnail wp-post-image\" alt=\"\" loading=\"lazy\" srcset=\"https:\/\/linitiative.ca\/International\/wp-content\/uploads\/sites\/23\/2022\/03\/16478902846580.jpg 1080w, https:\/\/www.journalducameroun.com\/wp-content\/uploads\/2022\/03\/16478902846580-300x175.jpg 300w, https:\/\/www.journalducameroun.com\/wp-content\/uploads\/2022\/03\/16478902846580-1024x597.jpg 1024w, https:\/\/www.journalducameroun.com\/wp-content\/uploads\/2022\/03\/16478902846580-768x448.jpg 768w, https:\/\/www.journalducameroun.com\/wp-content\/uploads\/2022\/03\/16478902846580-754x440.jpg 754w, https:\/\/www.journalducameroun.com\/wp-content\/uploads\/2022\/03\/16478902846580-600x350.jpg 600w\" sizes=\"auto, (max-width: 1080px) 100vw, 1080px\"><\/p>\n<p>Le pays h\u00f4te du 9e Forum mondial de l&rsquo;eau, \u00e0 travers son Programme d&rsquo;Urgence de D\u00e9veloppement Communautaire (PUDC), a effectu\u00e9 des avanc\u00e9es consid\u00e9rables dans la fourniture de l&rsquo;eau en milieu rural.R\u00e9duire les disparit\u00e9s entre les villes et les villages. Une promesse du pr\u00e9sident Macky Sall. Pour la mat\u00e9rialiser, le Programme d&rsquo;Urgence de D\u00e9veloppement Communautaire (PUDC) intervient jusque dans les coins les plus recul\u00e9s du S\u00e9n\u00e9gal pour notamment d\u00e9mocratiser l&rsquo;eau potable.<\/p>\n<p>\u00ab\u00a0Ces derni\u00e8res ann\u00e9es,\u00a0nous avons accentu\u00e9 les efforts\u00a0avec la r\u00e9alisation de pr\u00e8s de 2100 forages et plus de 670 ch\u00e2teaux d&rsquo;eau, la mise en service d&rsquo;une 3e usine de traitement d&rsquo;eau d&rsquo;une capacit\u00e9 de 200 mille m\u00e8tres cube par jour, la construction en cours d&rsquo;une premi\u00e8re unit\u00e9 de dessalement de l&rsquo;eau de mer \u00e0 Dakar, la densification des r\u00e9seaux de transport et de distribution d&rsquo;eau et l&rsquo;intensification des travaux d&rsquo;assainissement\u00a0\u00bb, a expliqu\u00e9 le chef de l&rsquo;\u00c9tat s\u00e9n\u00e9galais.<\/p>\n<p>Il s&rsquo;exprimait \u00e0 l&rsquo;ouverture du 9e Forum mondial de l&rsquo;eau dont le th\u00e8me est \u00ab\u00a0La s\u00e9curit\u00e9 de l&rsquo;eau pour la paix et le d\u00e9veloppement\u00a0\u00bb. Le S\u00e9n\u00e9gal, pays h\u00f4te de cet \u00e9v\u00e8nement, vise l&rsquo;atteinte de l&rsquo;Objectif de D\u00e9veloppement Durable 6 portant sur l&rsquo;acc\u00e8s universel \u00e0 l&rsquo;eau potable et \u00e0 l&rsquo;assainissement.<\/p>\n<p>Pour y parvenir, il faut d&rsquo;apr\u00e8s Macky Sall un engagement individuel et collectif plus soutenu contre le gaspillage industriel et domestique de l&rsquo;eau et une agriculture irrigu\u00e9e plus respectueuse de l&rsquo;environnement.<\/p>\n<p>L&rsquo;utilisation responsable de l&rsquo;eau s&rsquo;impose au moment o\u00f9 elle se rar\u00e9fie au point d&rsquo;engendrer des tensions inter\u00e9tatiques. \u00a0Pour pr\u00e9venir cela, le pr\u00e9sident en exercice de l&rsquo;Union Africaine (UA) rel\u00e8ve l&rsquo;urgence d&rsquo;agir sur plusieurs leviers.<\/p>\n<p>Il s&rsquo;agit pour lui d&rsquo;encourager davantage la gestion concert\u00e9e des bassins transfrontaliers, de poursuivre la mise en place de syst\u00e8mes de r\u00e9gulation efficaces et socialement \u00e9quitables parce que l&rsquo;eau ne peut \u00eatre consid\u00e9r\u00e9e comme un simple bien \u00e9conomique dont l&rsquo;exploitation \u00a0est soumise \u00e0 la seule loi du march\u00e9, de promouvoir l&rsquo;\u00e9conomie circulaire d&rsquo;assainissement par le traitement et le recyclage des eaux us\u00e9es afin de r\u00e9duire l&rsquo;impact environnemental et sanitaire, et stimuler la cr\u00e9ation de nouvelles activit\u00e9s g\u00e9n\u00e9ratrices de revenus.<\/p>\n<p>Le S\u00e9n\u00e9gal, qui accueille la 9e \u00e9dition du Forum mondial de l&rsquo;eau, poursuit \u00ab\u00a0sa tradition de diplomatie de paix et de concertation autour des ressources hydriques\u00a0\u00bb selon le successeur d&rsquo;Abdoulaye Wade. Une ligne qui justifie son appartenance \u00e0 deux organismes de bassin \u00e0 savoir l&rsquo;Organisation pour la Mise en Valeur du fleuve S\u00e9n\u00e9gal (OMVS) et l&rsquo;Organisation pour la Mise en Valeur du fleuve Gambie (OMVG) cr\u00e9\u00e9es respectivement en 1972 et 1978.<\/p>\n<p>La Mauritanie, le Mali, la Guin\u00e9e, la Guin\u00e9e Bissau, la Gambie et le S\u00e9n\u00e9gal \u00ab\u00a0coop\u00e8rent ensemble de fa\u00e7on concert\u00e9e \u00e0 travers des activit\u00e9s et surtout \u00e0 travers des infrastructures communes de d\u00e9veloppement\u00a0\u00bb, se f\u00e9licite Macky Sall.<\/p>\n<p>Le S\u00e9n\u00e9gal, signataire de la Convention de 1992 sur la protection et l&rsquo;utilisation des cours d&rsquo;eau transfrontaliers et des lacs internationaux, a pris l&rsquo;initiative d&rsquo;inscrire dans l&rsquo;agenda du Conseil de s\u00e9curit\u00e9 des Nations Unies, la premi\u00e8re fois en avril 2016, la th\u00e9matique eau, paix et s\u00e9curit\u00e9 lors de son mandat en tant que membre non permanent.<\/p>\n<p>\u00ab\u00a0Nous avions voulu contribuer \u00e0 la prise de conscience internationale sur les risques \u00e9lev\u00e9s de conflits li\u00e9s \u00e0 l&rsquo;eau au 21e si\u00e8cle\u00a0\u00bb, a indiqu\u00e9 le pr\u00e9sident s\u00e9n\u00e9galais, non sans ajouter que \u00ab\u00a0le moment est venu pour qu&rsquo;une instance comme le G20 pr\u00eate attention aux probl\u00e9matiques li\u00e9es \u00e0 l&rsquo;eau \u00e0 l&rsquo;image de ce que fait la Banque Mondiale et les autres institutions internationales depuis des d\u00e9cennies\u00a0\u00bb.<\/p>\n<p>Toutefois, soutient le chef de l&rsquo;\u00c9tat s\u00e9n\u00e9galais, il est temps que le G20 \u00e9largisse sa composition pour permettre \u00e0 l&rsquo;UA d&rsquo;en devenir membre compte tenu des enjeux globaux qui s&rsquo;attachent \u00e0 la probl\u00e9matique de l&rsquo;eau et \u00e0 bien d&rsquo;autres pr\u00e9occupations mondiales.<\/p>\n<p>\u00ab\u00a0L&rsquo;Afrique compte plus d&rsquo;un quart des pays membres des Nations Unies. L&rsquo;Afrique, c&rsquo;est 30 millions de km2\u00a0et 1,4 milliard d&rsquo;individus. Elle constitue la 8e \u00e9conomie mondiale en termes de Produit Int\u00e9rieur Brut\u00a0\u00bb, a fait savoir Macky Sall.\u00a0<\/p>\n<p>Ce Forum mondial de l&rsquo;eau prend fin le 26 mars prochain. Les pr\u00e9sidents congolais, bissau-guin\u00e9en, mauritanien et \u00e9thiopien &#8211; Denis Sassou-Nguesso, Umaro Sissoco Embalo, Mohamed Oul El-Ghazouani, Sahle-Work Zewde &#8211; ont assist\u00e9 au lancement des activit\u00e9s.<\/p>\n<p>Cet article <a rel=\"nofollow\" href=\"https:\/\/www.journalducameroun.com\/acces-a-leau-le-senegal-en-bonne-voie-vers-lodd-6\/\">Acc\u00e8s \u00e0 l\u2019eau : le S\u00e9n\u00e9gal en bonne voie vers l\u2019ODD 6<\/a> est apparu en premier sur <a rel=\"nofollow\" href=\"https:\/\/www.journalducameroun.com\/\">Journal du Cameroun<\/a>.<\/p>\n<\/div>\n<p>Auteur: APA News<br \/>\n<a href=\"https:\/\/www.journalducameroun.com\/acces-a-leau-le-senegal-en-bonne-voie-vers-lodd-6\/\">Cliquez ici pour lire l&rsquo;article depuis sa source.<\/a><\/p>\n","protected":false},"excerpt":{"rendered":"<p>Le pays h\u00f4te du 9e Forum mondial de l&rsquo;eau, \u00e0 travers son Programme d&rsquo;Urgence de D\u00e9veloppement Communautaire (PUDC), a effectu\u00e9 des avanc\u00e9es consid\u00e9rables dans la fourniture de l&rsquo;eau en milieu rural.R\u00e9duire les disparit\u00e9s entre les villes et les villages. Une promesse du pr\u00e9sident Macky Sall. Pour la mat\u00e9rialiser, le Programme d&rsquo;Urgence de D\u00e9veloppement Communautaire (PUDC) [&hellip;]<\/p>\n","protected":false},"author":1965,"featured_media":0,"comment_status":"closed","ping_status":"closed","sticky":false,"template":"","format":"standard","meta":{"fifu_image_url":"https:\/\/www.journalducameroun.com\/wp-content\/uploads\/2022\/03\/16478902846580.jpg","fifu_image_alt":"Acc\u00e8s \u00e0 l\u2019eau : le S\u00e9n\u00e9gal en bonne voie vers l\u2019ODD 6","footnotes":""},"categories":[73,82],"tags":[],"class_list":["post-143628","post","type-post","status-publish","format-standard","hentry","category-actualite","category-cameroun"],"_links":{"self":[{"href":"https:\/\/linitiative.ca\/International\/wp-json\/wp\/v2\/posts\/143628","targetHints":{"allow":["GET"]}}],"collection":[{"href":"https:\/\/linitiative.ca\/International\/wp-json\/wp\/v2\/posts"}],"about":[{"href":"https:\/\/linitiative.ca\/International\/wp-json\/wp\/v2\/types\/post"}],"author":[{"embeddable":true,"href":"https:\/\/linitiative.ca\/International\/wp-json\/wp\/v2\/users\/1965"}],"replies":[{"embeddable":true,"href":"https:\/\/linitiative.ca\/International\/wp-json\/wp\/v2\/comments?post=143628"}],"version-history":[{"count":0,"href":"https:\/\/linitiative.ca\/International\/wp-json\/wp\/v2\/posts\/143628\/revisions"}],"wp:attachment":[{"href":"https:\/\/linitiative.ca\/International\/wp-json\/wp\/v2\/media?parent=143628"}],"wp:term":[{"taxonomy":"category","embeddable":true,"href":"https:\/\/linitiative.ca\/International\/wp-json\/wp\/v2\/categories?post=143628"},{"taxonomy":"post_tag","embeddable":true,"href":"https:\/\/linitiative.ca\/International\/wp-json\/wp\/v2\/tags?post=143628"}],"curies":[{"name":"wp","href":"https:\/\/api.w.org\/{rel}","templated":true}]}}