{"id":143630,"date":"2022-03-21T16:18:03","date_gmt":"2022-03-21T20:18:03","guid":{"rendered":"https:\/\/linitiative.ca\/International\/sahara-la-france-reitere-son-soutien-au-plan-dautonomie-marocain-comme-base-serieuse-et-credible\/"},"modified":"2022-03-21T16:18:03","modified_gmt":"2022-03-21T20:18:03","slug":"sahara-la-france-reitere-son-soutien-au-plan-dautonomie-marocain-comme-base-serieuse-et-credible","status":"publish","type":"post","link":"https:\/\/linitiative.ca\/International\/sahara-la-france-reitere-son-soutien-au-plan-dautonomie-marocain-comme-base-serieuse-et-credible\/","title":{"rendered":"Sahara: la France r\u00e9it\u00e8re son soutien au plan d\u2019autonomie marocain comme \u00ab base s\u00e9rieuse et cr\u00e9dible \u00bb"},"content":{"rendered":"<div>\n<p><img decoding=\"async\" width=\"293\" height=\"172\" src=\"https:\/\/linitiative.ca\/International\/wp-content\/uploads\/sites\/23\/2022\/03\/16478938836916.jpg\" class=\"attachment-post-thumbnail size-post-thumbnail wp-post-image\" alt=\"\" loading=\"lazy\"><\/p>\n<p>La France a r\u00e9it\u00e9r\u00e9, ce lundi, son soutien au plan d&rsquo;autonomie marocain comme \u00ab\u00a0base de discussions s\u00e9rieuse et cr\u00e9dible\u00a0\u00bb pour la r\u00e9solution du diff\u00e9rend autour du Sahara.La position de la France concernant le Sahara est \u00ab constante, en faveur d&rsquo;une solution politique juste, durable et mutuellement acceptable, conform\u00e9ment aux r\u00e9solutions du Conseil de s\u00e9curit\u00e9 des Nations unies. Dans cette perspective, le plan d&rsquo;autonomie marocain est une base de discussions s\u00e9rieuse et cr\u00e9dible \u00bb, a d\u00e9clar\u00e9 la porte-parole du Quai d&rsquo;Orsay.<\/p>\n<p>Cette d\u00e9claration intervient apr\u00e8s l&rsquo;adoption par l&rsquo;Espagne d&rsquo;une position officielle reconnaissant que l&rsquo;initiative marocaine d&rsquo;autonomie est la base la plus s\u00e9rieuse, r\u00e9aliste et cr\u00e9dible pour la r\u00e9solution du diff\u00e9rend sur le Sahara.<\/p>\n<p>Elle fait suite aussi aux d\u00e9veloppements positifs ayant marqu\u00e9 r\u00e9cemment les relations entre le Maroc et l&rsquo;Espagne. \u00ab La France est attach\u00e9e aux bonnes relations entre ses partenaires europ\u00e9ens et ses voisins de la rive sud de la M\u00e9diterran\u00e9e.<\/p>\n<p>\u00ab C&rsquo;est par le dialogue que les d\u00e9fis communs pourront \u00eatre surmont\u00e9s \u00bb, a soulign\u00e9 la porte-parole de la diplomatie fran\u00e7aise. La position fran\u00e7aise est d\u00e9sormais en retrait par rapport \u00e0 celle de l&rsquo;Espagne.<\/p>\n<p>Cet article <a rel=\"nofollow\" href=\"https:\/\/www.journalducameroun.com\/sahara-la-france-reitere-son-soutien-au-plan-dautonomie-marocain-comme-base-serieuse-et-credible\/\">Sahara: la France r\u00e9it\u00e8re son soutien au plan d\u2019autonomie marocain comme \u00ab base s\u00e9rieuse et cr\u00e9dible \u00bb<\/a> est apparu en premier sur <a rel=\"nofollow\" href=\"https:\/\/www.journalducameroun.com\/\">Journal du Cameroun<\/a>.<\/p>\n<\/div>\n<p>Auteur: APA News<br \/>\n<a href=\"https:\/\/www.journalducameroun.com\/sahara-la-france-reitere-son-soutien-au-plan-dautonomie-marocain-comme-base-serieuse-et-credible\/\">Cliquez ici pour lire l&rsquo;article depuis sa source.<\/a><\/p>\n","protected":false},"excerpt":{"rendered":"<p>La France a r\u00e9it\u00e9r\u00e9, ce lundi, son soutien au plan d&rsquo;autonomie marocain comme \u00ab\u00a0base de discussions s\u00e9rieuse et cr\u00e9dible\u00a0\u00bb pour la r\u00e9solution du diff\u00e9rend autour du Sahara.La position de la France concernant le Sahara est \u00ab constante, en faveur d&rsquo;une solution politique juste, durable et mutuellement acceptable, conform\u00e9ment aux r\u00e9solutions du Conseil de s\u00e9curit\u00e9 des [&hellip;]<\/p>\n","protected":false},"author":1965,"featured_media":0,"comment_status":"closed","ping_status":"closed","sticky":false,"template":"","format":"standard","meta":{"fifu_image_url":"https:\/\/www.journalducameroun.com\/wp-content\/uploads\/2022\/03\/16478938836916.jpg","fifu_image_alt":"Sahara: la France r\u00e9it\u00e8re son soutien au plan d\u2019autonomie marocain comme \u00ab base s\u00e9rieuse et cr\u00e9dible \u00bb","footnotes":""},"categories":[73,82],"tags":[],"class_list":["post-143630","post","type-post","status-publish","format-standard","hentry","category-actualite","category-cameroun"],"_links":{"self":[{"href":"https:\/\/linitiative.ca\/International\/wp-json\/wp\/v2\/posts\/143630","targetHints":{"allow":["GET"]}}],"collection":[{"href":"https:\/\/linitiative.ca\/International\/wp-json\/wp\/v2\/posts"}],"about":[{"href":"https:\/\/linitiative.ca\/International\/wp-json\/wp\/v2\/types\/post"}],"author":[{"embeddable":true,"href":"https:\/\/linitiative.ca\/International\/wp-json\/wp\/v2\/users\/1965"}],"replies":[{"embeddable":true,"href":"https:\/\/linitiative.ca\/International\/wp-json\/wp\/v2\/comments?post=143630"}],"version-history":[{"count":0,"href":"https:\/\/linitiative.ca\/International\/wp-json\/wp\/v2\/posts\/143630\/revisions"}],"wp:attachment":[{"href":"https:\/\/linitiative.ca\/International\/wp-json\/wp\/v2\/media?parent=143630"}],"wp:term":[{"taxonomy":"category","embeddable":true,"href":"https:\/\/linitiative.ca\/International\/wp-json\/wp\/v2\/categories?post=143630"},{"taxonomy":"post_tag","embeddable":true,"href":"https:\/\/linitiative.ca\/International\/wp-json\/wp\/v2\/tags?post=143630"}],"curies":[{"name":"wp","href":"https:\/\/api.w.org\/{rel}","templated":true}]}}