{"id":143632,"date":"2022-03-21T16:18:03","date_gmt":"2022-03-21T20:18:03","guid":{"rendered":"https:\/\/linitiative.ca\/International\/les-sud-africains-invites-a-promouvoir-la-cohesion-sociale\/"},"modified":"2022-03-21T16:18:03","modified_gmt":"2022-03-21T20:18:03","slug":"les-sud-africains-invites-a-promouvoir-la-cohesion-sociale","status":"publish","type":"post","link":"https:\/\/linitiative.ca\/International\/les-sud-africains-invites-a-promouvoir-la-cohesion-sociale\/","title":{"rendered":"Les Sud-Africains invit\u00e9s \u00e0 promouvoir la coh\u00e9sion sociale"},"content":{"rendered":"<div>\n<p><img decoding=\"async\" width=\"226\" height=\"223\" src=\"https:\/\/linitiative.ca\/International\/wp-content\/uploads\/sites\/23\/2022\/03\/16478938844298.jpg\" class=\"attachment-post-thumbnail size-post-thumbnail wp-post-image\" alt=\"\" loading=\"lazy\" srcset=\"https:\/\/linitiative.ca\/International\/wp-content\/uploads\/sites\/23\/2022\/03\/16478938844298.jpg 226w, https:\/\/www.journalducameroun.com\/wp-content\/uploads\/2022\/03\/16478938844298-60x60.jpg 60w, https:\/\/www.journalducameroun.com\/wp-content\/uploads\/2022\/03\/16478938844298-100x100.jpg 100w\" sizes=\"auto, (max-width: 226px) 100vw, 226px\"><\/p>\n<p>La nation arc-en-ciel est min\u00e9e depuis l&rsquo;apartheid par des dissensions raciales.Les Sud-Africains devraient profiter de la comm\u00e9moration de la Journ\u00e9e des droits de l&rsquo;homme \u00ab pour favoriser une plus grande coh\u00e9sion sociale, la construction de la nation et une identit\u00e9 nationale partag\u00e9e \u00bb dans tout le pays, a d\u00e9clar\u00e9 le gouvernement ce lundi dans un communiqu\u00e9.\u00a0<\/p>\n<p>\u00ab Il est de notre devoir, en tant que nation, de nous efforcer \u00e0 parvenir \u00e0 un d\u00e9veloppement socio-\u00e9conomique inclusif, tout en veillant \u00e0 combattre le racisme, la discrimination raciale et toute intol\u00e9rance connexe dans le pays \u00bb, ajoute notre source.\u00a0<\/p>\n<p>La Journ\u00e9e des droits de l&rsquo;homme est c\u00e9l\u00e9br\u00e9e chaque ann\u00e9e le 21 mars pour comm\u00e9morer l&rsquo;assassinat de 69 hommes et femmes non arm\u00e9s en 1960 au poste de police de Sharpeville pour avoir protest\u00e9 pacifiquement contre les lois sur les laissez-passer (passeports internes).\u00a0<\/p>\n<p>Cet \u00e9v\u00e9nement est d\u00e9sormais connu sous le nom de \u00ab massacre de Sharpeville \u00bb, et le mois de mars a \u00e9t\u00e9 d\u00e9sign\u00e9 comme le mois des droits de l&rsquo;homme afin de rendre hommage \u00e0 ceux qui ont permis \u00e0 la nation arc-en-ciel d&rsquo;acc\u00e9der \u00e0 la libert\u00e9 et \u00e0 la d\u00e9mocratie.<\/p>\n<p>\u00a0\u00ab Il s&rsquo;agit notamment des hommes et des femmes courageux qui ont d\u00e9fil\u00e9 \u00e0 Sharpeville le 21 mars 1960 pour l&rsquo;abolition des lois sur les laissez-passer \u00bb, poursuit le gouvernement sud-africain.\u00a0<\/p>\n<p>Outre les 69 personnes qui ont perdu la vie ce jour-l\u00e0, quelque 180 autres ont \u00e9t\u00e9 bless\u00e9es lors de cet \u00e9v\u00e9nement sanglant qui a laiss\u00e9 le pays compl\u00e8tement choqu\u00e9 par les pires tueries du r\u00e9gime d&rsquo;apartheid.<\/p>\n<p>Cet article <a rel=\"nofollow\" href=\"https:\/\/www.journalducameroun.com\/les-sud-africains-invites-a-promouvoir-la-cohesion-sociale\/\">Les Sud-Africains invit\u00e9s \u00e0 promouvoir la coh\u00e9sion sociale<\/a> est apparu en premier sur <a rel=\"nofollow\" href=\"https:\/\/www.journalducameroun.com\/\">Journal du Cameroun<\/a>.<\/p>\n<\/div>\n<p>Auteur: APA News<br \/>\n<a href=\"https:\/\/www.journalducameroun.com\/les-sud-africains-invites-a-promouvoir-la-cohesion-sociale\/\">Cliquez ici pour lire l&rsquo;article depuis sa source.<\/a><\/p>\n","protected":false},"excerpt":{"rendered":"<p>La nation arc-en-ciel est min\u00e9e depuis l&rsquo;apartheid par des dissensions raciales.Les Sud-Africains devraient profiter de la comm\u00e9moration de la Journ\u00e9e des droits de l&rsquo;homme \u00ab pour favoriser une plus grande coh\u00e9sion sociale, la construction de la nation et une identit\u00e9 nationale partag\u00e9e \u00bb dans tout le pays, a d\u00e9clar\u00e9 le gouvernement ce lundi dans un [&hellip;]<\/p>\n","protected":false},"author":1965,"featured_media":0,"comment_status":"closed","ping_status":"closed","sticky":false,"template":"","format":"standard","meta":{"fifu_image_url":"https:\/\/www.journalducameroun.com\/wp-content\/uploads\/2022\/03\/16478938844298.jpg","fifu_image_alt":"Les Sud-Africains invit\u00e9s \u00e0 promouvoir la coh\u00e9sion sociale","footnotes":""},"categories":[73,82],"tags":[],"class_list":["post-143632","post","type-post","status-publish","format-standard","hentry","category-actualite","category-cameroun"],"_links":{"self":[{"href":"https:\/\/linitiative.ca\/International\/wp-json\/wp\/v2\/posts\/143632","targetHints":{"allow":["GET"]}}],"collection":[{"href":"https:\/\/linitiative.ca\/International\/wp-json\/wp\/v2\/posts"}],"about":[{"href":"https:\/\/linitiative.ca\/International\/wp-json\/wp\/v2\/types\/post"}],"author":[{"embeddable":true,"href":"https:\/\/linitiative.ca\/International\/wp-json\/wp\/v2\/users\/1965"}],"replies":[{"embeddable":true,"href":"https:\/\/linitiative.ca\/International\/wp-json\/wp\/v2\/comments?post=143632"}],"version-history":[{"count":0,"href":"https:\/\/linitiative.ca\/International\/wp-json\/wp\/v2\/posts\/143632\/revisions"}],"wp:attachment":[{"href":"https:\/\/linitiative.ca\/International\/wp-json\/wp\/v2\/media?parent=143632"}],"wp:term":[{"taxonomy":"category","embeddable":true,"href":"https:\/\/linitiative.ca\/International\/wp-json\/wp\/v2\/categories?post=143632"},{"taxonomy":"post_tag","embeddable":true,"href":"https:\/\/linitiative.ca\/International\/wp-json\/wp\/v2\/tags?post=143632"}],"curies":[{"name":"wp","href":"https:\/\/api.w.org\/{rel}","templated":true}]}}