{"id":143634,"date":"2022-03-21T07:11:37","date_gmt":"2022-03-21T11:11:37","guid":{"rendered":"https:\/\/linitiative.ca\/International\/zlecaf-la-cemac-et-la-ceeac-harmonisent-leurs-politiques-dindustrialisation-et-commerciale\/"},"modified":"2022-03-21T07:11:37","modified_gmt":"2022-03-21T11:11:37","slug":"zlecaf-la-cemac-et-la-ceeac-harmonisent-leurs-politiques-dindustrialisation-et-commerciale","status":"publish","type":"post","link":"https:\/\/linitiative.ca\/International\/zlecaf-la-cemac-et-la-ceeac-harmonisent-leurs-politiques-dindustrialisation-et-commerciale\/","title":{"rendered":"Zlecaf\u00a0: la Cemac et la Ceeac harmonisent leurs politiques d\u2019industrialisation et commerciale"},"content":{"rendered":"<div>\n<p>Plus d\u2019un an apr\u00e8s l\u2019entr\u00e9e en vigueur de la Zone de libre-\u00e9change continentale africaine (Zlecaf), l\u2019Afrique centrale, regroup\u00e9e autour de la Communaut\u00e9 \u00e9conomique et mon\u00e9taire d\u2019Afrique centrale (Cemac) et la Communaut\u00e9 \u00e9conomique des \u00c9tats de l\u2019Afrique centrale (Ceeac), continue de peaufiner une strat\u00e9gie commune pour conqu\u00e9rir ce vaste march\u00e9 d\u2019environ 1,2 milliard de consommateurs. Les\u00a0directeurs g\u00e9n\u00e9raux en charge du commerce, de l\u2019industrie, du plan, les n\u00e9gociateurs en chef, les services douaniers et autres experts des organisations patronales et interprofessionnelles des secteurs priv\u00e9s, explorent, par cons\u00e9quent, les voies et moyens pour jeter les bases d\u2019une harmonisation des politiques commerciales et industrielles des 11 \u00c9tats de ces deux communaut\u00e9s r\u00e9gionales (Cameroun, Congo, Tchad, Guin\u00e9e \u00c9quatoriale, Centrafrique, Gabon, Angola, R\u00e9publique d\u00e9mocratique du Congo, Sao Tom\u00e9 et principe, Burundi, Rwanda).\u00a0<\/p>\n<p><strong>Lire aussi : <a href=\"https:\/\/ecomatin.net\/le-cameroun-se-dote-dun-comite-charge-du-suivi-i-et-de-la-mise-en-oeuvre-de-la-zlecaf\/\">Le Cameroun se dote d\u2019un comit\u00e9 charg\u00e9 du suivi et de la mise en \u0153uvre de la Zlecaf<\/a><\/strong><\/p>\n<p>Les experts de ces pays ont planch\u00e9 sur le cadre de r\u00e9f\u00e9rence pour la conception, d\u2019un Plan directeur d\u2019industrialisation et de diversification \u00e9conomique (Pdide), la pr\u00e9sentation des contours du Pdide, et celle du projet d\u2019harmonisation des politiques commerciales. \u00ab L\u2019atelier r\u00e9gional d\u2019harmonisation des cadres de strat\u00e9gies et de politiques commerciales et industrielles communes de soutien \u00e0 la mise en \u0153uvre de la\u00a0Zlecaf en Afrique centrale\u00a0est d\u2019une importante port\u00e9e pour la sous-r\u00e9gion, \u00e9tant donn\u00e9 que sa performance industrielle reste en construction. Nous avons seulement 3% de commerce intra-Afrique centrale. Ce qui veut dire que \u00a097% de nos exportations de mati\u00e8res premi\u00e8res brutes vont vers le reste du monde. En enrichissant les autres, nous exportons nos emplois\u00bb, s\u2019est exprim\u00e9 Adama Ekberg Coulibaly, chef des initiatives sous r\u00e9gionales de la Commission \u00e9conomique des Nations unies pour l\u2019Afrique (CEA), repr\u00e9sentant de la Secr\u00e9taire ex\u00e9cutive\u00a0\u00a0de cette institution.<\/p>\n<p><strong>Lire aussi : <a href=\"https:\/\/ecomatin.net\/competitivite-les-ports-africains-se-reinventent-pour-la-zlecaf\/\">Comp\u00e9titivit\u00e9 : les ports africains se r\u00e9inventent pour la Zlecaf<\/a><\/strong><\/p>\n<p>Si des avanc\u00e9es vers une harmonisation des politiques commerciales et industrielles de la Cemac et la Ceeac ont \u00e9t\u00e9 enregistr\u00e9es, en termes de\u00a0\u00a0tarif ext\u00e9rieur commun \u00e0 11 \u00c9tats, de code des douanes \u00e0 11 \u00c9tats, la politique commerciale et industrielle\u00a0commune Ceeac-Cemac devra \u00eatre adopt\u00e9e apr\u00e8s les travaux de Douala. \u00ab Nous avons deux zones de libre-\u00e9change qui se chevauchent. Mais la zone de libre-\u00e9change unifi\u00e9e tarde \u00e0 se mettre en \u0153uvre. Nous voulons qu\u2019un op\u00e9rateur \u00e9conomique ne dispose d\u00e9sormais que d\u2019un seul agr\u00e9ment co-sign\u00e9 par les pr\u00e9sidents des commissions des deux communaut\u00e9s \u00bb, a fait observer le pr\u00e9sident du Programme \u00e9conomique r\u00e9gional de la Cemac (PER Cemac),\u00a0repr\u00e9sentant du ministre de l\u2019Economie, du Plan et de l\u2019Am\u00e9nagement du territoire (Minepat).<\/p>\n<p><strong>Lire aussi : <a href=\"https:\/\/ecomatin.net\/libre-echange-des-experts-examinent-les-domaines-prioritaires-de-mise-en-oeuvre-de-la-zlecaf\/\">Libre \u00e9change: des experts examinent les domaines prioritaires de mise en \u0153uvre de la Zlecaf<\/a><\/strong><\/p>\n<p>\u00ab\u00a0Cette importante rencontre va se pencher sur deux th\u00e9matiques : comment faire en sorte que les 11 \u00e9conomies de la sous-r\u00e9gion se rassemblent autour d\u2019un seul instrument commun de soutien \u00e0 l\u2019\u00e9conomie, \u00e0 la diversification et \u00e0 la Zlecaf, qui est une opportunit\u00e9 de produire et d\u2019exporter les produits industriels. Pour cette sous-r\u00e9gion, nous n\u2019avons pas encore de plans, ni de produits \u00bb, pense Shey Jones Yembe, le repr\u00e9sentant du pr\u00e9sident de la Commission de la Cemac. Les documents relatifs aux politiques commerciales et industrielles de la Cemac et la Ceeac ont \u00e9t\u00e9 \u00e9labor\u00e9s depuis 2017, \u00e0 travers le \u00ab\u00a0Consensus de Douala \u00bb, adopt\u00e9 lors de la 33\u00e8me \u00a0session de la Commission \u00e9conomique des Nations Unies pour l\u2019Afrique centrale.<\/p>\n<p><strong>Lire aussi : <a href=\"https:\/\/ecomatin.net\/libre-echange-la-fondation-inter-progress-sensibilise-sur-les-enjeux-de-la-zlecaf\/\">Libre \u00e9change: la Fondation inter-progress sensibilise sur les enjeux de la Zlecaf<\/a><\/strong><\/p>\n<p>Auparavant, en 2007, un comit\u00e9 de pilotage de la rationalisation des CER avait \u00e9t\u00e9 mis sur pied afin de peaufiner ce processus. Il est important de relever que l\u2019atelier de Douala entre dans le cadre de la cr\u00e9ation d\u2019une nouvelle communaut\u00e9 \u00e9conomique r\u00e9gionale en remplacement de la Cemac et de la Ceeac. D\u2019apr\u00e8s Shey Jones Yembe, les r\u00e9solutions issues de l\u2019atelier de la capitale \u00e9conomique camerounaise seront examin\u00e9es par les chefs d\u2019\u00c9tats d\u2019Afrique centrale conform\u00e9ment \u00e0 l\u2019Agenda 2061 de l\u2019Union africaine.<\/p>\n<p>L\u2019article <a rel=\"nofollow\" href=\"https:\/\/ecomatin.net\/zlecaf-la-cemac-et-la-ceeac-harmonisent-leurs-politiques-dindustrialisation-et-commerciale\/\">Zlecaf\u00a0: la Cemac et la Ceeac harmonisent leurs politiques d\u2019industrialisation et commerciale<\/a> est apparu en premier sur <a rel=\"nofollow\" href=\"https:\/\/ecomatin.net\/\">EcoMatin<\/a>.<\/p>\n<\/div>\n<p>Auteur: Georges Semey<br \/>\n<a href=\"https:\/\/ecomatin.net\/zlecaf-la-cemac-et-la-ceeac-harmonisent-leurs-politiques-dindustrialisation-et-commerciale\/\">Cliquez ici pour lire l&rsquo;article depuis sa source.<\/a><\/p>\n","protected":false},"excerpt":{"rendered":"<p>Plus d\u2019un an apr\u00e8s l\u2019entr\u00e9e en vigueur de la Zone de libre-\u00e9change continentale africaine (Zlecaf), l\u2019Afrique centrale, regroup\u00e9e autour de la Communaut\u00e9 \u00e9conomique et mon\u00e9taire d\u2019Afrique centrale (Cemac) et la Communaut\u00e9 \u00e9conomique des \u00c9tats de l\u2019Afrique centrale (Ceeac), continue de peaufiner une strat\u00e9gie commune pour conqu\u00e9rir ce vaste march\u00e9 d\u2019environ 1,2 milliard de consommateurs. Les\u00a0directeurs [&hellip;]<\/p>\n","protected":false},"author":1969,"featured_media":0,"comment_status":"closed","ping_status":"closed","sticky":false,"template":"","format":"standard","meta":{"fifu_image_url":"","fifu_image_alt":"","footnotes":""},"categories":[82,78],"tags":[],"class_list":["post-143634","post","type-post","status-publish","format-standard","hentry","category-cameroun","category-economie"],"_links":{"self":[{"href":"https:\/\/linitiative.ca\/International\/wp-json\/wp\/v2\/posts\/143634","targetHints":{"allow":["GET"]}}],"collection":[{"href":"https:\/\/linitiative.ca\/International\/wp-json\/wp\/v2\/posts"}],"about":[{"href":"https:\/\/linitiative.ca\/International\/wp-json\/wp\/v2\/types\/post"}],"author":[{"embeddable":true,"href":"https:\/\/linitiative.ca\/International\/wp-json\/wp\/v2\/users\/1969"}],"replies":[{"embeddable":true,"href":"https:\/\/linitiative.ca\/International\/wp-json\/wp\/v2\/comments?post=143634"}],"version-history":[{"count":0,"href":"https:\/\/linitiative.ca\/International\/wp-json\/wp\/v2\/posts\/143634\/revisions"}],"wp:attachment":[{"href":"https:\/\/linitiative.ca\/International\/wp-json\/wp\/v2\/media?parent=143634"}],"wp:term":[{"taxonomy":"category","embeddable":true,"href":"https:\/\/linitiative.ca\/International\/wp-json\/wp\/v2\/categories?post=143634"},{"taxonomy":"post_tag","embeddable":true,"href":"https:\/\/linitiative.ca\/International\/wp-json\/wp\/v2\/tags?post=143634"}],"curies":[{"name":"wp","href":"https:\/\/api.w.org\/{rel}","templated":true}]}}