{"id":143635,"date":"2022-03-21T07:15:33","date_gmt":"2022-03-21T11:15:33","guid":{"rendered":"https:\/\/linitiative.ca\/International\/crise-russo-ukrainienne-les-meuniers-nexcluent-pas-une-nouvelle-hausse-du-prix-du-pain-au-cameroun\/"},"modified":"2022-03-21T07:15:33","modified_gmt":"2022-03-21T11:15:33","slug":"crise-russo-ukrainienne-les-meuniers-nexcluent-pas-une-nouvelle-hausse-du-prix-du-pain-au-cameroun","status":"publish","type":"post","link":"https:\/\/linitiative.ca\/International\/crise-russo-ukrainienne-les-meuniers-nexcluent-pas-une-nouvelle-hausse-du-prix-du-pain-au-cameroun\/","title":{"rendered":"Crise russo-ukrainienne\u00a0: les meuniers n\u2019excluent pas une nouvelle hausse du prix du pain au Cameroun"},"content":{"rendered":"<div>\n<p>Le 15 mars 2022, le ministre du Commerce, Luc Magloire Mbarga Atangana, les associations de consommateurs et les syndicats de boulangers se sont r\u00e9unis autour d\u2019une m\u00eame table, pour discuter des mesures urgentes \u00e0 prendre pour essayer d\u2019att\u00e9nuer les r\u00e9percussions \u00e9conomiques de la crise russo-ukrainienne sur la fi\u00e8re meuni\u00e8re. C\u2019est que depuis le d\u00e9clenchement de ce conflit qui oppose deux des plus grands importateurs mondiaux de bl\u00e9, le prix de cette denr\u00e9e conna\u00eet des fluctuations haussi\u00e8res (+65% en glissement annuel) qui tendent \u00e0 perdurer. Ce qui rend difficile l\u2019approvisionnement en cette mati\u00e8re premi\u00e8re n\u00e9cessaire \u00e0 la fabrication de la farine de bl\u00e9, qui est revendue aux boulangers par les meuniers. Au terme des concertations, les pouvoirs publics ont donn\u00e9 l\u2019autorisation \u00e0 ces deux repr\u00e9sentations syndicales qui se plaignaient d\u00e9j\u00e0 de la hausse des co\u00fbts de production bien avant le conflit susmentionn\u00e9, de proc\u00e9der \u00e0 une augmentation du prix de la baguette de pain de 200 grammes et du sac de farine de 50 kg. Depuis le 17 mars 2022, le sac de farine de 50 kg (entr\u00e9e de gamme-sortie usine)\u00a0co\u00fbte 24\u00a0000 FCFA au lieu de 19\u00a0000 FCFA. Quant \u00e0 la baguette de pain de 200 grammes, elle est pass\u00e9e de 125 FCFA \u00e0 150 FCFA. \u00abOn avait besoin de \u00e7a pour commencer \u00e0 \u00e9ponger nos dettes envers nos fournisseurs, qui nous disaient que faute de quoi, m\u00eame les navires en cours, ne conna\u00eetraient pas de d\u00e9chargement. Les multinationales disaient m\u00eame que si le prix de la farine restait en l\u2019\u00e9tat, elles pr\u00e9f\u00e9raient r\u00e9orienter la destination Douala vers des ports o\u00f9 elles ont des filiales plus rentables\u00bb, a indiqu\u00e9 Alfred Momo Ebongue, Secr\u00e9taire g\u00e9n\u00e9ral du Groupement des industries meuni\u00e8res du Cameroun<\/p>\n<p><strong>Une nouvelle hausse en perspective<\/strong><\/p>\n<p>Bien qu\u2019accueillie avec joie par les meuniers et les boulangers, cette inflexion que le gouvernement refuse d\u2019officialiser en raison de sa vocation \u00e0 lutter contre la vie ch\u00e8re, ne signifie pas la fin de tous les probl\u00e8mes au sein de la fili\u00e8re. Jeudi 17 mars 2022, Euronext, la principale place boursi\u00e8re europ\u00e9enne, indiquait que les cours du bl\u00e9 \u00e9taient repartis \u00e0 la hausse, en raison de l\u2019intensification \u00a0des bombardements russes en Ukraine. \u00ab\u00a0Vers\u00a014h, le bl\u00e9\u00a0Euronext\u00a0\u00e0 \u00e9ch\u00e9ance mai 2022 montait de 2,75\u00a0\u20ac\/t, \u00e0 366,25\u00a0\u20ac\/t, tandis que le contrat d\u00e9cembre 2022 s\u2019amplifie de 2,50\u00a0\u20ac\/t, \u00e0 313,50\u00a0\u20ac\/t\u00bb. Au vu de ce qui pr\u00e9c\u00e8de, les meuniers et les boulangers envisagent d\u00e9j\u00e0 l\u2019organisation de nouvelles concertations avec le gouvernement pour discuter des prochaines dispositions \u00e0 mettre en \u0153uvre \u00a0pour faire face aux in\u00e9vitables cons\u00e9quences \u00e9conomiques qui decouleraient de cette situation. Concertations qui pourraient aboutir \u00e0 une nouvelle hausse du prix du sac de farine et par ricochet, du pain. \u00abMaintenant , si le prix de la tonne de bl\u00e9 continue d\u2019augmenter \u00e0 la vitesse \u00e0 laquelle elle a augment\u00e9 ces derniers temps, \u00e0 tr\u00e8s court terme on sera oblig\u00e9 de s\u2019asseoir pour r\u00e9fl\u00e9chir de nouveau\u00bb, \u00a0a r\u00e9v\u00e9l\u00e9 Alfred Momo Ebongue.<\/p>\n<p><strong>D\u2019autres secteurs concern\u00e9s<\/strong><\/p>\n<p>La crise russo-ukrainienne pourrait \u00e9galement affecter plusieurs autres secteurs de l\u2019\u00e9conomie camerounaise. Comme l\u2019indiquait le Groupement interpatronal du Cameroun (Gicam) lors d\u2019une rencontre avec les \u00a0Associations de d\u00e9fenses et de protection des droits de consommateurs\u00a0 le 8 mars 2022. \u00ab\u2009Le spectre d\u2019une rupture de l\u2019approvisionnement du march\u00e9 int\u00e9rieur sur certains produits semble plus qu\u2019in\u00e9vitable, une part importante d\u2019entreprises faisant \u00e9tat d\u2019un niveau de stocks de mati\u00e8res premi\u00e8res qui ne leur permettra pas d\u2019assurer l\u2019approvisionnement des march\u00e9s au-del\u00e0 du 1er\u00a0semestre\u00a02022\u00bb, annon\u00e7ait \u00a0C\u00e9lestin Tawamba, pr\u00e9sident de cette organisation patronale. Une \u00e9ventualit\u00e9 qu\u2019il adossait non seulement \u00e0 la crise sus-\u00e9voqu\u00e9e, mais \u00e9galement \u00e0 une politique fiscalo-douani\u00e8re prohibitive.<\/p>\n<p><strong>Lire aussi : <a href=\"https:\/\/ecomatin.net\/farine-de-ble-le-gouvernement-autorise-le-prix-de-la-baguette-de-pain-de-200-grammes-s-a-150-fcfa\/\">Farine de bl\u00e9\u00a0: le gouvernement autorise la hausse du prix du pain \u00e0 150F<\/a><\/strong><\/p>\n<p>L\u2019article <a rel=\"nofollow\" href=\"https:\/\/ecomatin.net\/crise-russo-ukrainienne-les-meuniers-nexcluent-pas-une-nouvelle-hausse-du-prix-du-pain-au-cameroun\/\">Crise russo-ukrainienne\u00a0: les meuniers n\u2019excluent pas une nouvelle hausse du prix du pain au Cameroun<\/a> est apparu en premier sur <a rel=\"nofollow\" href=\"https:\/\/ecomatin.net\/\">EcoMatin<\/a>.<\/p>\n<\/div>\n<p>Auteur: Paul Tjeg<br \/>\n<a href=\"https:\/\/ecomatin.net\/crise-russo-ukrainienne-les-meuniers-nexcluent-pas-une-nouvelle-hausse-du-prix-du-pain-au-cameroun\/\">Cliquez ici pour lire l&rsquo;article depuis sa source.<\/a><\/p>\n","protected":false},"excerpt":{"rendered":"<p>Le 15 mars 2022, le ministre du Commerce, Luc Magloire Mbarga Atangana, les associations de consommateurs et les syndicats de boulangers se sont r\u00e9unis autour d\u2019une m\u00eame table, pour discuter des mesures urgentes \u00e0 prendre pour essayer d\u2019att\u00e9nuer les r\u00e9percussions \u00e9conomiques de la crise russo-ukrainienne sur la fi\u00e8re meuni\u00e8re. C\u2019est que depuis le d\u00e9clenchement de [&hellip;]<\/p>\n","protected":false},"author":1969,"featured_media":0,"comment_status":"closed","ping_status":"closed","sticky":false,"template":"","format":"standard","meta":{"fifu_image_url":"","fifu_image_alt":"","footnotes":""},"categories":[82,78],"tags":[],"class_list":["post-143635","post","type-post","status-publish","format-standard","hentry","category-cameroun","category-economie"],"_links":{"self":[{"href":"https:\/\/linitiative.ca\/International\/wp-json\/wp\/v2\/posts\/143635","targetHints":{"allow":["GET"]}}],"collection":[{"href":"https:\/\/linitiative.ca\/International\/wp-json\/wp\/v2\/posts"}],"about":[{"href":"https:\/\/linitiative.ca\/International\/wp-json\/wp\/v2\/types\/post"}],"author":[{"embeddable":true,"href":"https:\/\/linitiative.ca\/International\/wp-json\/wp\/v2\/users\/1969"}],"replies":[{"embeddable":true,"href":"https:\/\/linitiative.ca\/International\/wp-json\/wp\/v2\/comments?post=143635"}],"version-history":[{"count":0,"href":"https:\/\/linitiative.ca\/International\/wp-json\/wp\/v2\/posts\/143635\/revisions"}],"wp:attachment":[{"href":"https:\/\/linitiative.ca\/International\/wp-json\/wp\/v2\/media?parent=143635"}],"wp:term":[{"taxonomy":"category","embeddable":true,"href":"https:\/\/linitiative.ca\/International\/wp-json\/wp\/v2\/categories?post=143635"},{"taxonomy":"post_tag","embeddable":true,"href":"https:\/\/linitiative.ca\/International\/wp-json\/wp\/v2\/tags?post=143635"}],"curies":[{"name":"wp","href":"https:\/\/api.w.org\/{rel}","templated":true}]}}