{"id":143636,"date":"2022-03-21T07:18:44","date_gmt":"2022-03-21T11:18:44","guid":{"rendered":"https:\/\/linitiative.ca\/International\/barrage-de-memveele-la-primature-bloque-les-travaux-de-la-ligne-de-transport-delectricite\/"},"modified":"2022-03-21T07:18:44","modified_gmt":"2022-03-21T11:18:44","slug":"barrage-de-memveele-la-primature-bloque-les-travaux-de-la-ligne-de-transport-delectricite","status":"publish","type":"post","link":"https:\/\/linitiative.ca\/International\/barrage-de-memveele-la-primature-bloque-les-travaux-de-la-ligne-de-transport-delectricite\/","title":{"rendered":"Barrage de Memve\u2019ele\u00a0: la Primature bloque les travaux de la ligne de transport d\u2019\u00e9lectricit\u00e9"},"content":{"rendered":"<div>\n<p>La construction de la ligne d\u2019\u00e9vacuation de l\u2019\u00e9nergie du barrage hydro\u00e9lectrique de Memve\u2019ele (Sud) vers Yaound\u00e9 est bloqu\u00e9e depuis le 11 janvier 2022. En cause, l\u2019opposition des populations affect\u00e9es par le projet sur la section Mefou et Afamba \u00e0 la poursuite des travaux de d\u00e9roulage du c\u00e2ble. Elles n\u2019entendent pas lever les barricades avant le paiement de leurs indemnisations. Dans une lettre d\u2019information adress\u00e9e le 15 mars dernier au ministre de l\u2019Eau et de l\u2019Energie (Minee), document qu\u2019EcoMatin a consult\u00e9e, le directeur g\u00e9n\u00e9ral de Electricity Development Corporation (EDC), ma\u00eetre d\u2019\u0153uvre du projet, s\u2019\u00e9tonne de ce que le d\u00e9cret d\u2019indemnisations, depuis sign\u00e9 par le Premier ministre, ne lui soit toujours pas parvenue. \u00ab\u00a0Le projet de d\u00e9cret, pr\u00e9cise Th\u00e9odore Nsangou,\u00a0\u00a0a \u00e9t\u00e9 vis\u00e9 et transmis par la pr\u00e9sidence de la de la R\u00e9publique depuis 2018.\u00a0\u00bb Qui donc, dans les services du Premier ministre et dans le contexte actuel marqu\u00e9 par un creusement substantiel du d\u00e9ficit \u00e9nerg\u00e9tique qui plonge la plupart des localit\u00e9s desservies par le r\u00e9seau interconnect\u00e9 sud (RIS) dans le noir, a int\u00e9r\u00eat \u00e0 torpiller ce projet\u00a0sur lequel repose l\u2019espoir du gouvernement de r\u00e9\u00e9quilibrer \u00e0 moyen terme l\u2019offre \u00e9nerg\u00e9tique dans les r\u00e9gions du Centre, du Sud, du Littoral, de l\u2019Ouest, du Nord-Ouest et du Sud-Ouest\u00a0? Selon nos sources, la lettre d\u2019information adress\u00e9e au Minee a fait bouger les lignes du c\u00f4t\u00e9 de la Primature, o\u00f9 l\u2019on explique que le blocage du d\u00e9cret d\u2019indemnisations \u00e9tait li\u00e9 \u00e0 un retard de transmission. C\u2019est \u00e0 croire que les points d\u2019achoppement seront lev\u00e9s dans les tout prochains jours et que les travaux devraient reprendre incessamment sur le chantier, si l\u2019on en croit des sources proches du dossier \u00e0 EDC, o\u00f9 les fonds sont disponibles.<\/p>\n<p><strong>Lire aussi : <a href=\"https:\/\/ecomatin.net\/barrage-de-memveele-le-transfert-des-activites-s-a-edc-dans-limpasse\/\">Barrage de Memve\u2019ele : le transfert des activit\u00e9s \u00e0 EDC dans l\u2019impasse ?<\/a><\/strong><\/p>\n<p>A l\u2019\u00e9tat actuel du projet, seuls deux pyl\u00f4nes restent \u00e0 construire sur un lin\u00e9aire de 300 kilom\u00e8tres entre Nyabizan, o\u00f9 est install\u00e9 l\u2019am\u00e9nagement hydro\u00e9lectrique achev\u00e9 depuis 2018, et Yaound\u00e9. Le gros du travail qui reste \u00e0 r\u00e9aliser, \u00e0 partir du d\u00e9partement de la Mefou et Afamba, qui est \u00e0 la p\u00e9riph\u00e9rie de Yaound\u00e9, concerne le d\u00e9roulage du c\u00e2ble.<\/p>\n<p><strong>Lire aussi : <a href=\"https:\/\/ecomatin.net\/secteur-de-lelectricite-lentree-en-service-du-barrage-e-de-memveele-otage-des-indemnisations\/\">Secteur de l\u2019\u00e9lectricit\u00e9 : l\u2019entr\u00e9e en service du barrage de Memve\u2019ele otage des indemnisations<\/a><\/strong><\/p>\n<p>D\u2019une capacit\u00e9 install\u00e9e de 211 MW, le barrage hydro\u00e9lectrique de Memve\u2019ele \u00e9vacue depuis \u00e0 peine 60 MW vers Yaound\u00e9 depuis 2017, via une ligne provisoire de 90 KV. Cette capacit\u00e9 a \u00e9t\u00e9 relev\u00e9e \u00e0 90 MW depuis l\u2019arriv\u00e9e de EDC en mai 2020, mais les probl\u00e8mes d\u2019hydrologie ont provoqu\u00e9 une baisse de la production de cet ouvrage ces derniers mois. Pour m\u00e9moire, lanc\u00e9 en 2012, le barrage hydro\u00e9lectrique de Memve\u2019ele dont les travaux sont achev\u00e9s depuis 2017 a co\u00fbt\u00e9 pr\u00e8s de 450 milliards FCFA.<\/p>\n<p><strong>Lire aussi : <a href=\"https:\/\/ecomatin.net\/barrage-de-memveele-possibilite-dune-reprise-des-travaux-de-construction-a-nsimalen\/\">Barrage de Memve\u2019ele : possibilit\u00e9 d\u2019une reprise des travaux de construction \u00e0 Nsimalen<\/a><\/strong><\/p>\n<p>L\u2019article <a rel=\"nofollow\" href=\"https:\/\/ecomatin.net\/barrage-de-memveele-la-primature-bloque-les-travaux-de-la-ligne-de-transport2-delectricite\/\">Barrage de Memve\u2019ele\u00a0: la Primature bloque les travaux de la ligne de transport d\u2019\u00e9lectricit\u00e9<\/a> est apparu en premier sur <a rel=\"nofollow\" href=\"https:\/\/ecomatin.net\/\">EcoMatin<\/a>.<\/p>\n<\/div>\n<p>Auteur: EcoMatin<br \/>\n<a href=\"https:\/\/ecomatin.net\/barrage-de-memveele-la-primature-bloque-les-travaux-de-la-ligne-de-transport2-delectricite\/\">Cliquez ici pour lire l&rsquo;article depuis sa source.<\/a><\/p>\n","protected":false},"excerpt":{"rendered":"<p>La construction de la ligne d\u2019\u00e9vacuation de l\u2019\u00e9nergie du barrage hydro\u00e9lectrique de Memve\u2019ele (Sud) vers Yaound\u00e9 est bloqu\u00e9e depuis le 11 janvier 2022. En cause, l\u2019opposition des populations affect\u00e9es par le projet sur la section Mefou et Afamba \u00e0 la poursuite des travaux de d\u00e9roulage du c\u00e2ble. Elles n\u2019entendent pas lever les barricades avant le [&hellip;]<\/p>\n","protected":false},"author":1969,"featured_media":0,"comment_status":"closed","ping_status":"closed","sticky":false,"template":"","format":"standard","meta":{"fifu_image_url":"","fifu_image_alt":"","footnotes":""},"categories":[82,78],"tags":[],"class_list":["post-143636","post","type-post","status-publish","format-standard","hentry","category-cameroun","category-economie"],"_links":{"self":[{"href":"https:\/\/linitiative.ca\/International\/wp-json\/wp\/v2\/posts\/143636","targetHints":{"allow":["GET"]}}],"collection":[{"href":"https:\/\/linitiative.ca\/International\/wp-json\/wp\/v2\/posts"}],"about":[{"href":"https:\/\/linitiative.ca\/International\/wp-json\/wp\/v2\/types\/post"}],"author":[{"embeddable":true,"href":"https:\/\/linitiative.ca\/International\/wp-json\/wp\/v2\/users\/1969"}],"replies":[{"embeddable":true,"href":"https:\/\/linitiative.ca\/International\/wp-json\/wp\/v2\/comments?post=143636"}],"version-history":[{"count":0,"href":"https:\/\/linitiative.ca\/International\/wp-json\/wp\/v2\/posts\/143636\/revisions"}],"wp:attachment":[{"href":"https:\/\/linitiative.ca\/International\/wp-json\/wp\/v2\/media?parent=143636"}],"wp:term":[{"taxonomy":"category","embeddable":true,"href":"https:\/\/linitiative.ca\/International\/wp-json\/wp\/v2\/categories?post=143636"},{"taxonomy":"post_tag","embeddable":true,"href":"https:\/\/linitiative.ca\/International\/wp-json\/wp\/v2\/tags?post=143636"}],"curies":[{"name":"wp","href":"https:\/\/api.w.org\/{rel}","templated":true}]}}