{"id":143639,"date":"2022-03-22T09:23:47","date_gmt":"2022-03-22T13:23:47","guid":{"rendered":"https:\/\/linitiative.ca\/International\/bam-linflation-prevue-a-47-en-2022\/"},"modified":"2022-03-22T09:23:47","modified_gmt":"2022-03-22T13:23:47","slug":"bam-linflation-prevue-a-47-en-2022","status":"publish","type":"post","link":"https:\/\/linitiative.ca\/International\/bam-linflation-prevue-a-47-en-2022\/","title":{"rendered":"BAM : L\u2019inflation pr\u00e9vue \u00e0 4,7% en 2022"},"content":{"rendered":"<div>\n<p><img loading=\"lazy\" decoding=\"async\" width=\"300\" height=\"153\" src=\"https:\/\/linitiative.ca\/International\/wp-content\/uploads\/sites\/23\/2022\/03\/Bank-Al-Maghrib-300x153-1.jpg\" class=\"attachment-medium size-medium wp-post-image\" alt=\"\" srcset=\"https:\/\/linitiative.ca\/International\/wp-content\/uploads\/sites\/23\/2022\/03\/Bank-Al-Maghrib-300x153-1.jpg 300w, https:\/\/aujourdhui.ma\/wp-content\/uploads\/2021\/10\/Bank-Al-Maghrib--274x140.jpg 274w, https:\/\/aujourdhui.ma\/wp-content\/uploads\/2021\/10\/Bank-Al-Maghrib-.jpg 746w, https:\/\/aujourdhui.ma\/wp-content\/uploads\/2021\/10\/Bank-Al-Maghrib--165x84.jpg 165w, https:\/\/aujourdhui.ma\/wp-content\/uploads\/2021\/10\/Bank-Al-Maghrib--702x358.jpg 702w\" sizes=\"auto, (max-width: 300px) 100vw, 300px\"><\/p>\n<p><span style=\"font-size: 20px; color: #800000;\"><strong>Le conseil de Bank Al-Maghrib (BAM), r\u00e9uni mardi \u00e0 Rabat, estime que l\u2019inflation, apr\u00e8s un taux de 1,4% en 2021, devrait ressortir \u00e0 4,7% en 2022 avant de revenir \u00e0 1,9% en 2023.<\/strong><\/span><span id=\"more-403078\"><\/span><\/p>\n<p>\u00ab\u00a0Le Conseil a relev\u00e9 que l\u2019inflation poursuit son acc\u00e9l\u00e9ration entam\u00e9e en 2021, tir\u00e9e par les pressions d\u2019origine externes li\u00e9es \u00e0 la flamb\u00e9e des prix des produits \u00e9nerg\u00e9tiques et alimentaires et la hausse de l\u2019inflation chez les principaux partenaires \u00e9conomiques\u00a0\u00bb, indique BAM dans un communiqu\u00e9 publi\u00e9 \u00e0 l\u2019issue de la premi\u00e8re session de l\u2019ann\u00e9e 2022 de son conseil.<\/p>\n<p>De m\u00eame, sa composante sous-jacente augmenterait de 1,7% \u00e0 4,7% puis d\u00e9c\u00e9l\u00e8rerait \u00e0 2,6%, ajoute la m\u00eame source.<\/p>\n<\/div>\n<p>Auteur: ALM<br \/>\n<a href=\"https:\/\/aujourdhui.ma\/economie\/bam-linflation-prevue-a-47-en-2022\">Cliquez ici pour lire l&rsquo;article depuis sa source.<\/a><\/p>\n","protected":false},"excerpt":{"rendered":"<p>Le conseil de Bank Al-Maghrib (BAM), r\u00e9uni mardi \u00e0 Rabat, estime que l\u2019inflation, apr\u00e8s un taux de 1,4% en 2021, devrait ressortir \u00e0 4,7% en 2022 avant de revenir \u00e0 1,9% en 2023. \u00ab\u00a0Le Conseil a relev\u00e9 que l\u2019inflation poursuit son acc\u00e9l\u00e9ration entam\u00e9e en 2021, tir\u00e9e par les pressions d\u2019origine externes li\u00e9es \u00e0 la flamb\u00e9e [&hellip;]<\/p>\n","protected":false},"author":1759,"featured_media":0,"comment_status":"closed","ping_status":"closed","sticky":false,"template":"","format":"standard","meta":{"fifu_image_url":"https:\/\/aujourdhui.ma\/wp-content\/uploads\/2021\/10\/Bank-Al-Maghrib--300x153.jpg","fifu_image_alt":"BAM : L\u2019inflation pr\u00e9vue \u00e0 4,7% en 2022","footnotes":""},"categories":[73,54],"tags":[],"class_list":["post-143639","post","type-post","status-publish","format-standard","hentry","category-actualite","category-maroc"],"_links":{"self":[{"href":"https:\/\/linitiative.ca\/International\/wp-json\/wp\/v2\/posts\/143639","targetHints":{"allow":["GET"]}}],"collection":[{"href":"https:\/\/linitiative.ca\/International\/wp-json\/wp\/v2\/posts"}],"about":[{"href":"https:\/\/linitiative.ca\/International\/wp-json\/wp\/v2\/types\/post"}],"author":[{"embeddable":true,"href":"https:\/\/linitiative.ca\/International\/wp-json\/wp\/v2\/users\/1759"}],"replies":[{"embeddable":true,"href":"https:\/\/linitiative.ca\/International\/wp-json\/wp\/v2\/comments?post=143639"}],"version-history":[{"count":0,"href":"https:\/\/linitiative.ca\/International\/wp-json\/wp\/v2\/posts\/143639\/revisions"}],"wp:attachment":[{"href":"https:\/\/linitiative.ca\/International\/wp-json\/wp\/v2\/media?parent=143639"}],"wp:term":[{"taxonomy":"category","embeddable":true,"href":"https:\/\/linitiative.ca\/International\/wp-json\/wp\/v2\/categories?post=143639"},{"taxonomy":"post_tag","embeddable":true,"href":"https:\/\/linitiative.ca\/International\/wp-json\/wp\/v2\/tags?post=143639"}],"curies":[{"name":"wp","href":"https:\/\/api.w.org\/{rel}","templated":true}]}}