{"id":143655,"date":"2022-03-21T14:00:00","date_gmt":"2022-03-21T18:00:00","guid":{"rendered":"https:\/\/linitiative.ca\/International\/les-impots-sous-la-loupe-a-agadir\/"},"modified":"2022-03-21T14:00:00","modified_gmt":"2022-03-21T18:00:00","slug":"les-impots-sous-la-loupe-a-agadir","status":"publish","type":"post","link":"https:\/\/linitiative.ca\/International\/les-impots-sous-la-loupe-a-agadir\/","title":{"rendered":"Les Imp\u00f4ts sous la loupe \u00e0 Agadir"},"content":{"rendered":"<div>\n<p class=\"has-text-align-center has-vivid-red-color has-text-color\"><strong>Chambre de Commerce, d\u2019Industrie et de Services de Souss Massa<\/strong><\/p>\n<p class=\"has-text-align-right has-black-color has-text-color\"><strong>Saoudi El Amalki<\/strong><\/p>\n<p>Dans le sillage de la mise en pratique de ses t\u00e2ches, la Chambre de Commerce d\u2019Industrie et de Services de Souss Massa (CCIS) vient de tenir, avec la collaboration conjointe de la direction r\u00e9gionale des imp\u00f4ts d\u2019Agadir, une entrevue de communication et d\u2019information, autour des principales mesures fiscales de l\u2019an 2022. En pr\u00e9sence de Driss Bouti, r\u00e9cemment \u00e9lu pr\u00e9sident de la CGEM r\u00e9gion Souss Massa et d\u2019un parterre de divers acteurs de la vie \u00e9conomique de la r\u00e9gion, cette action devait conna\u00eetre, de bout en bout, un succ\u00e8s sur tous les plans. Mod\u00e9r\u00e9e par Bachir Ahechmoud, vice-pr\u00e9sident de la chambre, cette rencontre fut amorc\u00e9e par Sa\u00efd Dor, pr\u00e9sident de l\u2019instance qui pr\u00e9cisait que l\u2019organisation de l\u2019activit\u00e9 consistait \u00e0 mettre en exergue les multiples\u00a0 aspects simplicatifs de nombre de concepts aff\u00e9rents \u00e0 la loi de finances, en direction des adh\u00e9rents de la CCIS et de l\u2019ensemble des professionnels. Et d\u2019encha\u00eener qu\u2019elle a lieu \u00e0 une conjoncture exceptionnelle cons\u00e9cutive aux effets nocifs de la pand\u00e9mie sur les divers secteurs d\u2019\u00e9conomie et de production tout en soulignant que la phase \u00e0 venir sera marqu\u00e9e de rigorisme et d\u2019acuit\u00e9 qui n\u00e9cessiterait des d\u00e9marches concr\u00e8tes et objectives en vue de garder la constance de l\u2019entreprise nationale, assurer sa croissance et accompagner son \u00a0\u00e9volution. Prenant la parole \u00e0 cet effet, Omar Bouanane, directeur r\u00e9gional des imp\u00f4ts, a \u00a0soulign\u00e9 que les mesures fiscales comprises dans la loi de finances 2022, visent \u00e0 cr\u00e9er un syst\u00e8me fiscal juste, \u00e9quitable et coh\u00e9rent, de nature \u00e0 permettre la collecte des ressources fiscales afin de financer les programmes des politiques publiques et de d\u00e9veloppement socio-\u00e9conomique. Dans le m\u00eame ordre d\u2019id\u00e9es, le responsable r\u00e9gional du secteur a indiqu\u00e9 que l\u2019imp\u00f4t sur les soci\u00e9t\u00e9s (IS) a vu l\u2019annulation de la progressivit\u00e9 et la r\u00e9duction de son taux par rapport aux soci\u00e9t\u00e9s \u00e9voluant dans des activit\u00e9s industrielles de 26 \u00e0 28%, en faisant part d\u2019une ribambelle de mesures relatives \u00e0 la loi de finances 2022, comme suit\u00a0: concernant l\u2019imp\u00f4t sur les soci\u00e9t\u00e9s, revoir la tarification ordinaire de cet imp\u00f4t et am\u00e9liorer le syst\u00e8me fiscal inh\u00e9rent aux soci\u00e9t\u00e9s sportives, r\u00e9viser le syst\u00e8me fiscal des soci\u00e9t\u00e9s dont l\u2019activit\u00e9 rel\u00e8ve des zones d\u2019acc\u00e9l\u00e9ration industrielle, des mesures inh\u00e9rentes \u00e0 l\u2019imp\u00f4t sur le revenu professionnel \u00e0 caract\u00e8re simplifi\u00e9 et de syst\u00e8me forfaitaire, ainsi que d\u2019autres revenus, mesures sp\u00e9cifiques \u00e0 l\u2019imp\u00f4t \u00a0sur la valeur ajout\u00e9e.<\/p>\n<p>Il est \u00e0 relever, enfin que ces communications aussi pertinentes qu\u2019instructives autour d\u2019une th\u00e9matique de haute importance au niveau des intervenants, ont connu de larges r\u00e9activit\u00e9s et d\u2019\u00e9changes de la part de l\u2019assistance \u00e0 l\u2019amphith\u00e9\u00e2tre de la chambre. Une belle initiative qui d\u00e9montre encore une fois, le dynamisme et la disponibilit\u00e9 dont fait preuve cette institution professionnelle, au c\u0153ur de la m\u00e9tamorphose sectorielle que vit actuellement la capitale du Souss, \u00e9rig\u00e9e au centre d\u00e9veloppemental du royaume. \u00a0<\/p>\n<p>L\u2019article <a rel=\"nofollow\" href=\"http:\/\/albayane.press.ma\/les-impots-sous-la-loupe-a-agadir.html\">Les Imp\u00f4ts sous la loupe \u00e0 Agadir<\/a> est apparu en premier sur <a rel=\"nofollow\" href=\"http:\/\/albayane.press.ma\/\">ALBAYANE<\/a>.<\/p>\n<\/div>\n<p>Auteur: M&rsquo;hammed rahal<br \/>\n<a href=\"http:\/\/albayane.press.ma\/les-impots-sous-la-loupe-a-agadir.html\">Cliquez ici pour lire l&rsquo;article depuis sa source.<\/a><\/p>\n","protected":false},"excerpt":{"rendered":"<p>Chambre de Commerce, d\u2019Industrie et de Services de Souss Massa Saoudi El Amalki Dans le sillage de la mise en pratique de ses t\u00e2ches, la Chambre de Commerce d\u2019Industrie et de Services de Souss Massa (CCIS) vient de tenir, avec la collaboration conjointe de la direction r\u00e9gionale des imp\u00f4ts d\u2019Agadir, une entrevue de communication et [&hellip;]<\/p>\n","protected":false},"author":1760,"featured_media":0,"comment_status":"closed","ping_status":"closed","sticky":false,"template":"","format":"standard","meta":{"fifu_image_url":"","fifu_image_alt":"","footnotes":""},"categories":[73,54],"tags":[],"class_list":["post-143655","post","type-post","status-publish","format-standard","hentry","category-actualite","category-maroc"],"_links":{"self":[{"href":"https:\/\/linitiative.ca\/International\/wp-json\/wp\/v2\/posts\/143655","targetHints":{"allow":["GET"]}}],"collection":[{"href":"https:\/\/linitiative.ca\/International\/wp-json\/wp\/v2\/posts"}],"about":[{"href":"https:\/\/linitiative.ca\/International\/wp-json\/wp\/v2\/types\/post"}],"author":[{"embeddable":true,"href":"https:\/\/linitiative.ca\/International\/wp-json\/wp\/v2\/users\/1760"}],"replies":[{"embeddable":true,"href":"https:\/\/linitiative.ca\/International\/wp-json\/wp\/v2\/comments?post=143655"}],"version-history":[{"count":0,"href":"https:\/\/linitiative.ca\/International\/wp-json\/wp\/v2\/posts\/143655\/revisions"}],"wp:attachment":[{"href":"https:\/\/linitiative.ca\/International\/wp-json\/wp\/v2\/media?parent=143655"}],"wp:term":[{"taxonomy":"category","embeddable":true,"href":"https:\/\/linitiative.ca\/International\/wp-json\/wp\/v2\/categories?post=143655"},{"taxonomy":"post_tag","embeddable":true,"href":"https:\/\/linitiative.ca\/International\/wp-json\/wp\/v2\/tags?post=143655"}],"curies":[{"name":"wp","href":"https:\/\/api.w.org\/{rel}","templated":true}]}}