{"id":143656,"date":"2022-03-21T14:00:00","date_gmt":"2022-03-21T18:00:00","guid":{"rendered":"https:\/\/linitiative.ca\/International\/une-consecration-amplement-meritee\/"},"modified":"2022-03-21T14:00:00","modified_gmt":"2022-03-21T18:00:00","slug":"une-consecration-amplement-meritee","status":"publish","type":"post","link":"https:\/\/linitiative.ca\/International\/une-consecration-amplement-meritee\/","title":{"rendered":"Une cons\u00e9cration amplement m\u00e9rit\u00e9e"},"content":{"rendered":"<div>\n<p class=\"has-text-align-center has-vivid-red-color has-text-color\"><strong>Th\u00e8se de soutenance du Dr Rachid Belasri<\/strong><\/p>\n<p class=\"has-text-align-right has-black-color has-text-color\">Saoudi El Amalki<\/p>\n<p class=\"has-black-color has-text-color\"><strong>Notre camarade Rachid Belasri, chercheur en g\u00e9ographie humaine \u00e0 la facult\u00e9 des lettres et sciences humaines de l\u2019universit\u00e9 Ibn Zohr d\u2019Agadir, vient de d\u00e9croche, sa soutenance de th\u00e8se de doctorat, \u00e0 mention tr\u00e8s honorable et gratification du jury, pr\u00e9sid\u00e9e par Dr Mohamed Bouchelkha. Le nouveau laur\u00e9at est un chercheur pers\u00e9v\u00e9rant et assidu dans les domaines des sciences sociales, qui jouit de la confiance et de l\u2019admiration des professeurs, aussi bien ceux qu\u2019il a c\u00f4toy\u00e9s tout au long de son parcours estudiantin, en particulier Dr Abdelkader Moua\u00efne, son encadrant au doctorat ou ceux qu\u2019il croise \u00e0 l\u2019enceinte de l\u2019\u00e9tablissement universitaire. En cette heureuse occasion, nous exprimons \u00e0 notre camarade nos f\u00e9licitations les plus chaleureuses pour cette cons\u00e9cration tant m\u00e9rit\u00e9e, tout en lui souhaitant plein succ\u00e8s et bonheur.<\/strong><\/p>\n<p>L\u2019article <a rel=\"nofollow\" href=\"http:\/\/albayane.press.ma\/une-consecration-amplement-meritee-2.html\">Une cons\u00e9cration amplement m\u00e9rit\u00e9e<\/a> est apparu en premier sur <a rel=\"nofollow\" href=\"http:\/\/albayane.press.ma\/\">ALBAYANE<\/a>.<\/p>\n<\/div>\n<p>Auteur: M&rsquo;hammed rahal<br \/>\n<a href=\"http:\/\/albayane.press.ma\/une-consecration-amplement-meritee-2.html\">Cliquez ici pour lire l&rsquo;article depuis sa source.<\/a><\/p>\n","protected":false},"excerpt":{"rendered":"<p>Th\u00e8se de soutenance du Dr Rachid Belasri Saoudi El Amalki Notre camarade Rachid Belasri, chercheur en g\u00e9ographie humaine \u00e0 la facult\u00e9 des lettres et sciences humaines de l\u2019universit\u00e9 Ibn Zohr d\u2019Agadir, vient de d\u00e9croche, sa soutenance de th\u00e8se de doctorat, \u00e0 mention tr\u00e8s honorable et gratification du jury, pr\u00e9sid\u00e9e par Dr Mohamed Bouchelkha. Le nouveau [&hellip;]<\/p>\n","protected":false},"author":1760,"featured_media":0,"comment_status":"closed","ping_status":"closed","sticky":false,"template":"","format":"standard","meta":{"fifu_image_url":"","fifu_image_alt":"","footnotes":""},"categories":[73,54],"tags":[],"class_list":["post-143656","post","type-post","status-publish","format-standard","hentry","category-actualite","category-maroc"],"_links":{"self":[{"href":"https:\/\/linitiative.ca\/International\/wp-json\/wp\/v2\/posts\/143656","targetHints":{"allow":["GET"]}}],"collection":[{"href":"https:\/\/linitiative.ca\/International\/wp-json\/wp\/v2\/posts"}],"about":[{"href":"https:\/\/linitiative.ca\/International\/wp-json\/wp\/v2\/types\/post"}],"author":[{"embeddable":true,"href":"https:\/\/linitiative.ca\/International\/wp-json\/wp\/v2\/users\/1760"}],"replies":[{"embeddable":true,"href":"https:\/\/linitiative.ca\/International\/wp-json\/wp\/v2\/comments?post=143656"}],"version-history":[{"count":0,"href":"https:\/\/linitiative.ca\/International\/wp-json\/wp\/v2\/posts\/143656\/revisions"}],"wp:attachment":[{"href":"https:\/\/linitiative.ca\/International\/wp-json\/wp\/v2\/media?parent=143656"}],"wp:term":[{"taxonomy":"category","embeddable":true,"href":"https:\/\/linitiative.ca\/International\/wp-json\/wp\/v2\/categories?post=143656"},{"taxonomy":"post_tag","embeddable":true,"href":"https:\/\/linitiative.ca\/International\/wp-json\/wp\/v2\/tags?post=143656"}],"curies":[{"name":"wp","href":"https:\/\/api.w.org\/{rel}","templated":true}]}}