{"id":143657,"date":"2022-03-21T14:00:00","date_gmt":"2022-03-21T18:00:00","guid":{"rendered":"https:\/\/linitiative.ca\/International\/ouverture-officielle-du-9-eme-forum-mondial-de-leau-a-dakar\/"},"modified":"2022-03-21T14:00:00","modified_gmt":"2022-03-21T18:00:00","slug":"ouverture-officielle-du-9-eme-forum-mondial-de-leau-a-dakar","status":"publish","type":"post","link":"https:\/\/linitiative.ca\/International\/ouverture-officielle-du-9-eme-forum-mondial-de-leau-a-dakar\/","title":{"rendered":"Ouverture officielle du 9-\u00e8me Forum mondial de l\u2019Eau \u00e0 Dakar"},"content":{"rendered":"<div>\n<p class=\"has-text-align-center has-vivid-red-color has-text-color\"><strong>Avec la partition du Maroc<\/strong><\/p>\n<p class=\"has-black-color has-text-color\"><strong>Les travaux de la 9-\u00e8me \u00e9dition du Forum mondial de l\u2019eau tenue sous le th\u00e8me \u00ab\u00a0S\u00e9curit\u00e9 de l\u2019eau pour la paix et le d\u00e9veloppement\u00a0\u00bb, se sont ouverts, lundi matin \u00e0 Diamniadio, situ\u00e9e \u00e0 30 km de Dakar, avec la participation de pr\u00e8s de 5.500 repr\u00e9sentants et experts d\u2019une centaine de pays, dont le Maroc.<br \/>La c\u00e9r\u00e9monie d\u2019ouverture du Forum, pr\u00e9sid\u00e9e au complexe Dakar Arena par le Pr\u00e9sident de la R\u00e9publique du S\u00e9n\u00e9gal et pr\u00e9sident en exercice de l\u2019Union africaine, Macky Sall, s\u2019est d\u00e9roul\u00e9e en pr\u00e9sence notamment des pr\u00e9sidents du Congo, Denis Sassou Nguesso, de la Mauritanie, Mohammed Ould Ghazouani, de la R\u00e9publique de Guin\u00e9e Bissau, Umaro Sissoco Embal\u00f3, de la pr\u00e9sidente de L\u2019Ethiopie, Sahle-Work Zewde, du pr\u00e9sident du Conseil mondial de l\u2019Eau, Loic Faucho, du pr\u00e9sident de la Banque mondiale, David Malpass, de la Directrice g\u00e9n\u00e9rale de l\u2019UNESCO, Audrey Azoulay, et d\u2019autres personnalit\u00e9s.<br \/>L\u2019ouverture a \u00e9t\u00e9 marqu\u00e9e par une allocution du Chef de l\u2019Etat s\u00e9n\u00e9galais qui a mis l\u2019accent sur la probl\u00e9matique de l\u2019eau.<\/strong><\/p>\n<p class=\"has-black-color has-text-color\">Le Forum mondial de l\u2019eau qui rassemble des Chefs d\u2019Etat et de gouvernement, des responsables d\u2019institutions internationales, des experts et acteurs du secteur issus de tous les continents, constitue un moment fort d\u2019\u00e9changes et de partage d\u2019exp\u00e9riences sur les probl\u00e9matiques li\u00e9es \u00e0 une source vitale, l\u2019eau.<br \/>Cette rencontre, la premi\u00e8re du genre organis\u00e9e dans un pays d\u2019Afrique subsaharienne, constitue aussi un moment cl\u00e9 pour porter le plaidoyer fort et impulser la prise de d\u00e9cisions concr\u00e8tes pour am\u00e9liorer l\u2019acc\u00e8s \u00e0 l\u2019eau et \u00e0 l\u2019assainissement, selon les organisateurs.<\/p>\n<p class=\"has-black-color has-text-color\">Le Maroc participe \u00e0 ce Forum mondial qui se poursuivra jusqu\u2019au 26 mars avec une importante d\u00e9l\u00e9gation conduite par le ministre de l\u2019Equipement et de l\u2019Eau Nizar Baraka, et qui comprend plusieurs responsables et experts. Le moment fort de ce 9-\u00e8me Forum sera la remise du Grand Prix Mondial Hassan II de l\u2019eau, qui est \u00e0 sa 7-\u00e8me \u00e9dition.<br \/>Cette rencontre internationale d\u2019envergure, organis\u00e9e conjointement par le Conseil Mondial de l\u2019Eau et le gouvernement s\u00e9n\u00e9galais, constitue l\u2019occasion et un moment fort d\u2019\u00e9changes et de partage d\u2019exp\u00e9riences entre les participants, gouvernements, secteur priv\u00e9 et organisations de la soci\u00e9t\u00e9 civile, sur les probl\u00e9matiques li\u00e9es \u00e0 cette ressource vitale, notamment en ce qui a trait \u00e0 la valorisation de la politique nationale en mati\u00e8re d\u2019acc\u00e8s universel \u00e0 l\u2019eau et \u00e0 l\u2019assainissement pour tous.<\/p>\n<p class=\"has-black-color has-text-color\">Pour cette 9e \u00e9dition, le forum \u00abDakar 2022\u00bb va mettre l\u2019accent sur quatre priorit\u00e9s : la s\u00e9curit\u00e9 de l\u2019eau et de l\u2019assainissement, l\u2019eau pour le d\u00e9veloppement, la coop\u00e9ration, les \u2019\u2019outils et moyens\u00a0\u00bb incluant les questions cruciales du financement, de la gouvernance, de la gestion des connaissances et des innovations.<br \/>Surnomm\u00e9 le \u00ab\u00a0Forum des r\u00e9ponses\u00a0\u00bb, le 9-\u00e8me Forum mondial de l\u2019eau vise \u00e0 obtenir des r\u00e9sultats probants et des solutions pour les communaut\u00e9s du monde entier. L\u2019\u00e9v\u00e9nement r\u00e9unira un public de haut niveau issu de tous les continents, qu\u2019il s\u2019agisse de repr\u00e9sentants d\u2019organisations internationales et non gouvernementales, de grandes entreprises, de fondations et associations humanitaires, de chercheurs et d\u2019acad\u00e9miciens ou de femmes et d\u2019hommes politiques.<\/p>\n<p class=\"has-black-color has-text-color\">Le 9-\u00e8me Forum se veut \u00e9galement une plateforme d\u2019expression pour toutes les parties prenantes (y compris les groupes de femmes, les jeunes, les agriculteurs, les \u00e9leveurs et les p\u00eacheurs) et contribuera ainsi \u00e0 la transformation qualitative de la vie quotidienne des populations et \u00e0 l\u2019am\u00e9lioration des performances des secteurs productifs.<br \/>Plusieurs expositions sont pr\u00e9vues \u00e0 l\u2019occasion de cette rencontre. L\u2019Exposition classique (Expo\/Foire), le Parcours des R\u00e9ponses, le Village africain et le Village de l\u2019Assainissement constituent les principales expositions du forum. \u00c0 cela, il faut ajouter l\u2019\u2019Espace S\u00e9n\u00e9gal\u00a0\u00bb, qui constitue le plus grand espace d\u2019exposition. Il sera une vitrine de pr\u00e9sentation des r\u00e9alisations, des savoir-faire, des r\u00e9ponses, des innovations, des technologies, des projets et perspectives du Gouvernement, et des m\u00e9tiers des acteurs de l\u2019eau, de l\u2019assainissement et de l\u2019hygi\u00e8ne, mais aussi un lieu de promotion du pays sous ces multiples facettes. Dans un message publi\u00e9 sur le site officiel du Forum mondial de l\u2019eau, le pr\u00e9sident Macky Sall a soulign\u00e9 que le Forum de Dakar doit \u00ab\u00a0placer l\u2019eau au c\u0153ur de l\u2019action du multilat\u00e9ralisme et des politiques internationales, pour b\u00e2tir des m\u00e9canismes de riposte efficaces face aux crises multiformes et pour la construction d\u2019un monde post-COVID-19 r\u00e9silient, prosp\u00e8re et stable\u00a0\u00bb.<\/p>\n<p class=\"has-black-color has-text-color\">Partant de l\u00e0, a ajout\u00e9 M. Macky Sall, la rencontre de Dakar permettra \u00e0 la communaut\u00e9 internationale de b\u00e9n\u00e9ficier des \u00ab\u00a0le\u00e7ons apprises\u00a0\u00bb et de partager \u00ab\u00a0des exp\u00e9riences innovantes issues des projets labellis\u00e9s de l\u2019Initiative Dakar 2022, en vue d\u2019acc\u00e9l\u00e9rer l\u2019atteinte des Objectifs de d\u00e9veloppement durable (ODD)\u00a0\u00bb.<br \/>La 8-\u00e8me \u00e9dition de ce forum, organis\u00e9 tous les trois ans depuis 1997 par le Conseil Mondial de l\u2019Eau et un pays h\u00f4te, s\u2019\u00e9tait d\u00e9roul\u00e9e du 18 au 23 mars 2018 \u00e0 Brasilia.<\/p>\n<p>L\u2019article <a rel=\"nofollow\" href=\"http:\/\/albayane.press.ma\/ouverture-officielle-du-9-eme-forum-mondial-de-leau-a-dakar.html\">Ouverture officielle du 9-\u00e8me Forum mondial de l\u2019Eau \u00e0 Dakar<\/a> est apparu en premier sur <a rel=\"nofollow\" href=\"http:\/\/albayane.press.ma\/\">ALBAYANE<\/a>.<\/p>\n<\/div>\n<p>Auteur: M&rsquo;hammed rahal<br \/>\n<a href=\"http:\/\/albayane.press.ma\/ouverture-officielle-du-9-eme-forum-mondial-de-leau-a-dakar.html\">Cliquez ici pour lire l&rsquo;article depuis sa source.<\/a><\/p>\n","protected":false},"excerpt":{"rendered":"<p>Avec la partition du Maroc Les travaux de la 9-\u00e8me \u00e9dition du Forum mondial de l\u2019eau tenue sous le th\u00e8me \u00ab\u00a0S\u00e9curit\u00e9 de l\u2019eau pour la paix et le d\u00e9veloppement\u00a0\u00bb, se sont ouverts, lundi matin \u00e0 Diamniadio, situ\u00e9e \u00e0 30 km de Dakar, avec la participation de pr\u00e8s de 5.500 repr\u00e9sentants et experts d\u2019une centaine de [&hellip;]<\/p>\n","protected":false},"author":1760,"featured_media":0,"comment_status":"closed","ping_status":"closed","sticky":false,"template":"","format":"standard","meta":{"fifu_image_url":"","fifu_image_alt":"","footnotes":""},"categories":[73,54],"tags":[],"class_list":["post-143657","post","type-post","status-publish","format-standard","hentry","category-actualite","category-maroc"],"_links":{"self":[{"href":"https:\/\/linitiative.ca\/International\/wp-json\/wp\/v2\/posts\/143657","targetHints":{"allow":["GET"]}}],"collection":[{"href":"https:\/\/linitiative.ca\/International\/wp-json\/wp\/v2\/posts"}],"about":[{"href":"https:\/\/linitiative.ca\/International\/wp-json\/wp\/v2\/types\/post"}],"author":[{"embeddable":true,"href":"https:\/\/linitiative.ca\/International\/wp-json\/wp\/v2\/users\/1760"}],"replies":[{"embeddable":true,"href":"https:\/\/linitiative.ca\/International\/wp-json\/wp\/v2\/comments?post=143657"}],"version-history":[{"count":0,"href":"https:\/\/linitiative.ca\/International\/wp-json\/wp\/v2\/posts\/143657\/revisions"}],"wp:attachment":[{"href":"https:\/\/linitiative.ca\/International\/wp-json\/wp\/v2\/media?parent=143657"}],"wp:term":[{"taxonomy":"category","embeddable":true,"href":"https:\/\/linitiative.ca\/International\/wp-json\/wp\/v2\/categories?post=143657"},{"taxonomy":"post_tag","embeddable":true,"href":"https:\/\/linitiative.ca\/International\/wp-json\/wp\/v2\/tags?post=143657"}],"curies":[{"name":"wp","href":"https:\/\/api.w.org\/{rel}","templated":true}]}}