{"id":143658,"date":"2022-03-21T14:00:00","date_gmt":"2022-03-21T18:00:00","guid":{"rendered":"https:\/\/linitiative.ca\/International\/fructifier-le-potentiel-territorial\/"},"modified":"2022-03-21T14:00:00","modified_gmt":"2022-03-21T18:00:00","slug":"fructifier-le-potentiel-territorial","status":"publish","type":"post","link":"https:\/\/linitiative.ca\/International\/fructifier-le-potentiel-territorial\/","title":{"rendered":"Fructifier le potentiel territorial"},"content":{"rendered":"<div>\n<p class=\"has-black-color has-text-color\"><strong>Il est bien clair que notre pays ne cesse de cumuler des r\u00e9alisations d\u2019envergure. De nombreuses prouesses jalonnent son espace socio\u00e9conomique pluriel, depuis plus de deux d\u00e9cennies, sans r\u00e9pit ni rel\u00e2che. A coup s\u00fbr, l\u2019implantation de la premi\u00e8re station de l\u2019\u00e9nergie solaire en Afrique, peut-\u00eatre m\u00eame au monde, dans les environs de Ouarzazate en est, en fait, une belle illustration. Son effort dans ce sens, rel\u00e8ve d\u2019un souci majeur d\u2019assurer de l\u2019\u00e9nergie propre \u00e0 l\u2019expansion de la Nation. Mais \u00e9galement, pour se mettre au diapason des contr\u00e9es mondiales, fortement attach\u00e9es aux fondements de l\u2019\u00e9cologie et aux obligations des changements climatiques.<\/strong><\/p>\n<p class=\"has-black-color has-text-color\">D\u2019autre part, il y a lieu d\u2019affirmer que la mise en place de cette station de haute qualit\u00e9 t\u00e9moigne d\u2019une pr\u00e9occupation territoriale, visant \u00e0 d\u00e9centraliser les grands chantiers, \u00e0 travers les divers recoins du royaume. En effet, le territoire du sud-est du pays, renfermant des sites naturels de valeur, mais pas assez exploit\u00e9s, est dans le grand besoin, en termes de valorisation du potentiel dont il regorge. En effet, Ouarzazate, baptis\u00e9e le Hollywood marocain par ses villages et studios de cin\u00e9ma, se pr\u00eate aussi \u00e0 abriter des infrastructures de haut standing, comme cette station \u00e9nerg\u00e9tique solaire, outre ses vocations touristiques porteuses.<\/p>\n<p class=\"has-black-color has-text-color\">Effectivement, ces atouts ind\u00e9niables greff\u00e9s dans cette zone aux ressources certaines, confort\u00e9es par cette station solaire de haute facture, rayonneraient dans toutes les zones mitoyennes de la r\u00e9gion de Dr\u00e2a-Tafilalet. Dans le m\u00eame sillage, on s\u2019attendra, bien \u00e9videmment, \u00e0 l\u2019\u00e9mergence d\u2019une province, il y a juste quelques ann\u00e9es, mais longtemps mise sous l\u2019\u00e9teignoir. Il s\u2019agit, en effet, de Tinghir, actuellement d\u00e9barrass\u00e9e de ces ex \u00ab\u00a0handicaps humains\u00a0\u00bb qui n\u2019avaient rien d\u2019humain et se pr\u00e9pare, sans nul doute, \u00e0 un avenir probant. On retiendra, \u00e0 cet \u00e9gard, sa capacit\u00e9 de se hisser \u00e0 un r\u00e9el p\u00f4le touristique \u00e9cologique, gr\u00e2ce \u00e0 ces sites naturels d\u2019une splendeur in\u00e9galable, en l\u2019occurrence les gorges de Dades et Toudgha<\/p>\n<p class=\"has-black-color has-text-color\">Dans le m\u00eame contexte, on rel\u00e8vera le potentiel naturel des deux localit\u00e9s attenantes, \u00e0 savoir Er-Rachidia, chef-lieu de la r\u00e9gion, et Zagora. Certes, ces zones de haute notori\u00e9t\u00e9, souffrent de certaines exclusions qui les rel\u00e8guent au second plan. Mais, il ne fait pas de doute que les potentialit\u00e9s intrins\u00e8ques qu\u2019elles renferment, acculeront, t\u00f4t ou tard, les d\u00e9cideurs locaux voire centraux, \u00e0 mettre les bouch\u00e9es doubles en vue de r\u00e9inventer des m\u00e9canismes de d\u00e9veloppements \u00e0 m\u00eame de f\u00e9d\u00e9rer les \u00e9nergies et r\u00e9unir les conditions pour ce faire. C\u2019est dire qu\u2019avec les grands travaux imprim\u00e9s dans des villes \u00e9mergentes sont de nature \u00e0 favoriser la coh\u00e9rence spatiale pour mieux garantir la r\u00e9partition des richesses.<\/p>\n<p>L\u2019article <a rel=\"nofollow\" href=\"http:\/\/albayane.press.ma\/fructifier-le-potentiel-territorial.html\">Fructifier le potentiel territorial<\/a> est apparu en premier sur <a rel=\"nofollow\" href=\"http:\/\/albayane.press.ma\/\">ALBAYANE<\/a>.<\/p>\n<\/div>\n<p>Auteur: M&rsquo;hammed rahal<br \/>\n<a href=\"http:\/\/albayane.press.ma\/fructifier-le-potentiel-territorial.html\">Cliquez ici pour lire l&rsquo;article depuis sa source.<\/a><\/p>\n","protected":false},"excerpt":{"rendered":"<p>Il est bien clair que notre pays ne cesse de cumuler des r\u00e9alisations d\u2019envergure. De nombreuses prouesses jalonnent son espace socio\u00e9conomique pluriel, depuis plus de deux d\u00e9cennies, sans r\u00e9pit ni rel\u00e2che. A coup s\u00fbr, l\u2019implantation de la premi\u00e8re station de l\u2019\u00e9nergie solaire en Afrique, peut-\u00eatre m\u00eame au monde, dans les environs de Ouarzazate en est, [&hellip;]<\/p>\n","protected":false},"author":1760,"featured_media":0,"comment_status":"closed","ping_status":"closed","sticky":false,"template":"","format":"standard","meta":{"fifu_image_url":"","fifu_image_alt":"","footnotes":""},"categories":[73,54],"tags":[],"class_list":["post-143658","post","type-post","status-publish","format-standard","hentry","category-actualite","category-maroc"],"_links":{"self":[{"href":"https:\/\/linitiative.ca\/International\/wp-json\/wp\/v2\/posts\/143658","targetHints":{"allow":["GET"]}}],"collection":[{"href":"https:\/\/linitiative.ca\/International\/wp-json\/wp\/v2\/posts"}],"about":[{"href":"https:\/\/linitiative.ca\/International\/wp-json\/wp\/v2\/types\/post"}],"author":[{"embeddable":true,"href":"https:\/\/linitiative.ca\/International\/wp-json\/wp\/v2\/users\/1760"}],"replies":[{"embeddable":true,"href":"https:\/\/linitiative.ca\/International\/wp-json\/wp\/v2\/comments?post=143658"}],"version-history":[{"count":0,"href":"https:\/\/linitiative.ca\/International\/wp-json\/wp\/v2\/posts\/143658\/revisions"}],"wp:attachment":[{"href":"https:\/\/linitiative.ca\/International\/wp-json\/wp\/v2\/media?parent=143658"}],"wp:term":[{"taxonomy":"category","embeddable":true,"href":"https:\/\/linitiative.ca\/International\/wp-json\/wp\/v2\/categories?post=143658"},{"taxonomy":"post_tag","embeddable":true,"href":"https:\/\/linitiative.ca\/International\/wp-json\/wp\/v2\/tags?post=143658"}],"curies":[{"name":"wp","href":"https:\/\/api.w.org\/{rel}","templated":true}]}}