{"id":143661,"date":"2022-03-22T07:00:00","date_gmt":"2022-03-22T11:00:00","guid":{"rendered":"https:\/\/linitiative.ca\/International\/95-blesses-dans-une-collision-entre-deux-trains\/"},"modified":"2022-03-22T07:00:00","modified_gmt":"2022-03-22T11:00:00","slug":"95-blesses-dans-une-collision-entre-deux-trains","status":"publish","type":"post","link":"https:\/\/linitiative.ca\/International\/95-blesses-dans-une-collision-entre-deux-trains\/","title":{"rendered":"95 bless\u00e9s dans une collision entre deux trains"},"content":{"rendered":"<div>Au moins 95 personnes ont \u00e9t\u00e9 bless\u00e9es, hier, la plupart l\u00e9g\u00e8rement, dans une collision entre deux trains dans le sud de la capitale, Tunis, a indiqu\u00e9 la D\u00e9fense civile.<\/div>\n<p>Auteur:<br \/>\n<a href=\"https:\/\/www.liberte-algerie.com\/actualite\/95-blesses-dans-une-collision-entre-deux-trains-375297\">Cliquez ici pour lire l&rsquo;article depuis sa source.<\/a><\/p>\n","protected":false},"excerpt":{"rendered":"<p>Au moins 95 personnes ont \u00e9t\u00e9 bless\u00e9es, hier, la plupart l\u00e9g\u00e8rement, dans une collision entre deux trains dans le sud de la capitale, Tunis, a indiqu\u00e9 la D\u00e9fense civile. Auteur: Cliquez ici pour lire l&rsquo;article depuis sa source.<\/p>\n","protected":false},"author":1742,"featured_media":0,"comment_status":"closed","ping_status":"closed","sticky":false,"template":"","format":"standard","meta":{"fifu_image_url":"","fifu_image_alt":"","footnotes":""},"categories":[73,53],"tags":[],"class_list":["post-143661","post","type-post","status-publish","format-standard","hentry","category-actualite","category-algerie"],"_links":{"self":[{"href":"https:\/\/linitiative.ca\/International\/wp-json\/wp\/v2\/posts\/143661","targetHints":{"allow":["GET"]}}],"collection":[{"href":"https:\/\/linitiative.ca\/International\/wp-json\/wp\/v2\/posts"}],"about":[{"href":"https:\/\/linitiative.ca\/International\/wp-json\/wp\/v2\/types\/post"}],"author":[{"embeddable":true,"href":"https:\/\/linitiative.ca\/International\/wp-json\/wp\/v2\/users\/1742"}],"replies":[{"embeddable":true,"href":"https:\/\/linitiative.ca\/International\/wp-json\/wp\/v2\/comments?post=143661"}],"version-history":[{"count":0,"href":"https:\/\/linitiative.ca\/International\/wp-json\/wp\/v2\/posts\/143661\/revisions"}],"wp:attachment":[{"href":"https:\/\/linitiative.ca\/International\/wp-json\/wp\/v2\/media?parent=143661"}],"wp:term":[{"taxonomy":"category","embeddable":true,"href":"https:\/\/linitiative.ca\/International\/wp-json\/wp\/v2\/categories?post=143661"},{"taxonomy":"post_tag","embeddable":true,"href":"https:\/\/linitiative.ca\/International\/wp-json\/wp\/v2\/tags?post=143661"}],"curies":[{"name":"wp","href":"https:\/\/api.w.org\/{rel}","templated":true}]}}