{"id":143665,"date":"2022-03-22T06:40:24","date_gmt":"2022-03-22T10:40:24","guid":{"rendered":"https:\/\/linitiative.ca\/International\/larchitecture-frugale-au-coeur-de-la-7e-edition-d-al-mimar\/"},"modified":"2022-03-22T06:40:24","modified_gmt":"2022-03-22T10:40:24","slug":"larchitecture-frugale-au-coeur-de-la-7e-edition-d-al-mimar","status":"publish","type":"post","link":"https:\/\/linitiative.ca\/International\/larchitecture-frugale-au-coeur-de-la-7e-edition-d-al-mimar\/","title":{"rendered":"L\u2019architecture frugale au c\u0153ur de la 7\u00e8 \u00e9dition d\u2019\u00a0\u00bbal Mi\u2019m\u00e2r\u00a0\u00bb"},"content":{"rendered":"<div>\n<div style=\"margin-bottom:20px;\"><img loading=\"lazy\" decoding=\"async\" width=\"750\" height=\"430\" src=\"https:\/\/linitiative.ca\/International\/wp-content\/uploads\/sites\/23\/2022\/03\/Al-miamar.jpg\" class=\"attachment-post-thumbnail size-post-thumbnail wp-post-image\" alt=\"\" srcset=\"https:\/\/linitiative.ca\/International\/wp-content\/uploads\/sites\/23\/2022\/03\/Al-miamar.jpg 750w, https:\/\/www.mapmarrakech.ma\/map\/uploads\/2022\/03\/Al-miamar-300x172.jpg 300w\" sizes=\"auto, (max-width: 750px) 100vw, 750px\"><\/div>\n<p>Les intervenants lors de la c\u00e9r\u00e9monie d\u2019ouverture de cette manifestation, initi\u00e9e sous l\u2019\u00e9gide de la Chaire de l\u2019UNESCO \u00ab\u00a0Architecture de terre\u00a0\u00bb, avec l\u2019appui du programme \u00ab\u00a0ERASMUS +\u00a0\u00bb, ont soulign\u00e9 l\u2019importance de la formation continue dans tous les domaines se rapportant \u00e0 cette th\u00e9matique, afin de favoriser l\u2019\u00e9mergence de g\u00e9n\u00e9rations capables d\u2019accompagner les d\u00e9fis, le d\u00e9veloppement, l\u2019innovation et l\u2019am\u00e9nagement des territoires.<\/p>\n<p>Ils ont \u00e9galement mis l\u2019accent sur l\u2019importance d\u2019une approche participative et d\u2019ouverture sur l\u2019autre, conform\u00e9ment aux nouvelles orientations du minist\u00e8re de l\u2019am\u00e9nagement du territoire national, de l\u2019urbanisme, de l\u2019habitat et de la politique de la ville, ainsi que sur les diff\u00e9rents acteurs, notamment les universit\u00e9s et les instituts qui oeuvrent \u00e0 la promotion de la recherche scientifique.<\/p>\n<p>Dans ce sillage, la directrice de l\u2019am\u00e9nagement du territoire au minist\u00e8re de tutelle, Latifa Nahnahi, a indiqu\u00e9 que cet \u00e9v\u00e9nement se veut une occasion pour l\u2019\u00e9change des exp\u00e9riences et le partage des connaissances et des id\u00e9es \u00e0 l\u2019\u00e9chelle locale, nationale et internationale.<\/p>\n<p>Ce forum constitue aussi une occasion d\u2019inculquer aux \u00e9tudiants les r\u00e9f\u00e9rentiels d\u2019am\u00e9nagement du territoire national, \u00e9labor\u00e9s avec la participation de l\u2019ensemble des acteurs aux niveaux r\u00e9gional et central, afin qu\u2019ils soient inform\u00e9s de toutes les probl\u00e9matiques li\u00e9es \u00e0 l\u2019urbanisme et \u00e0 l\u2019am\u00e9nagement du territoire, a ajout\u00e9 la responsable dans une d\u00e9claration \u00e0 la MAP, tout en insistant sur l\u2019importance d\u2019impliquer les universit\u00e9s, les \u00e9coles et les instituts sp\u00e9cialis\u00e9s dans l\u2019\u00e9laboration collective des nouveaux concepts apport\u00e9s par le nouveau mod\u00e8le de d\u00e9veloppement.<\/p>\n<p>De son c\u00f4t\u00e9, le directeur de l\u2019ENAM, Abdelghani Ta\u00efbi, a relev\u00e9 que cette 7\u00e8 \u00e9dition s\u2019inscrit dans le cadre d\u2019une s\u00e9rie d\u2019activit\u00e9s organis\u00e9es par l\u2019Ecole afin de renforcer son r\u00f4le et de contribuer \u00e0 la diffusion de la culture d\u2019architecture.<\/p>\n<p>Dans une d\u00e9claration similaire, M. Ta\u00efbi a not\u00e9 que la th\u00e9matique retenue cette ann\u00e9e s\u2019articule autour de l\u2019importance de la formation et de la qualification, en oeuvrant \u00e0 la cons\u00e9cration du concept de \u00ab\u00a0frugalit\u00e9\u00a0\u00bb dans plusieurs domaines li\u00e9s \u00e0 la construction responsable et durable ainsi qu\u2019\u00e0 l\u2019utilisation des ressources locales.<\/p>\n<p>A travers cette manifestation, l\u2019ENAM souhaite ainsi faire \u00e9merger des d\u00e9bats scientifiques sur des th\u00e9matiques li\u00e9es aux milieux de la formation concernant le patrimoine b\u00e2ti, l\u2019architecture, l\u2019habitat, la construction et les villes engag\u00e9es dans une d\u00e9marche environnementale et sociale.<\/p>\n<p>Cette programmation doit aussi favoriser un dialogue constructif entre les diff\u00e9rents acteurs de l\u2019am\u00e9nagement du territoire : ing\u00e9nieurs, architectes, professeurs d\u2019universit\u00e9s et organismes gouvernementaux et non gouvernementaux nationaux et internationaux.<\/p>\n<p>L\u2019objectif est d\u2019\u00e9changer sur les exp\u00e9riences r\u00e9ussies et de partager les bonnes pratiques pour avancer plus vite ensemble vers la n\u00e9cessaire transition \u00e9cologique et soci\u00e9tale.<\/p>\n<p>Les activit\u00e9s \u00ab\u00a0al Mi\u2019m\u00e2r 2022\u00a0\u00bb sont aussi articul\u00e9es autour des probl\u00e9matiques actuelles concernant le Maroc, en g\u00e9n\u00e9ral, et la ville de\u00a0Marrakech\u00a0et ses r\u00e9gions, en particulier, consid\u00e9r\u00e9es comme une fen\u00eatre sur l\u2019Afrique contemporaine.<\/p>\n<p>C\u2019est dans ce cadre que l\u2019ENAM a choisi de consacrer ces cycles de s\u00e9minaires \u00e0 l\u2019architecture frugale et aux am\u00e9nagements du territoire frugaux et \u00e0 l\u2019usage contemporain de la terre et des mat\u00e9riaux biosourc\u00e9s.<\/p>\n<p>Pr\u00e9sentations de projets, s\u00e9minaires d\u2019approfondissement et conf\u00e9rences d\u2019experts offriront de multiples opportunit\u00e9s d\u2019\u00e9changes et de d\u00e9bats, notamment sur les m\u00e9tiers du patrimoine, les savoir-faire traditionnels et les enjeux sociaux, \u00e9cologiques et \u00e9conomiques de la construction frugale.<\/p>\n<p>En guise de pr\u00e9paration \u00e0 ces rencontres, l\u2019ENAM avait organis\u00e9, dans la continuit\u00e9 de l\u2019\u00e9dition pr\u00e9c\u00e9dente de \u00ab\u00a0al Mi\u2019m\u00e2r\u00a0\u00bb, des ateliers de concertation avec plusieurs acteurs territoriaux, associations et coop\u00e9ratives relatives \u00e0 l\u2019artisanat du b\u00e2timent, constructeurs traditionnels et \u00e9tudiants-architectes.<\/p>\n<p>La finalit\u00e9 de ces ateliers est de contribuer non seulement \u00e0 la formation d\u2019une vision collective et participative, mais aussi \u00e0 la qualification des Ma\u00e2llems.<\/p>\n<p>La valorisation de leurs comp\u00e9tences, le renforcement de leurs connaissances et leur int\u00e9gration effective dans des programmes de formation garantiront la pr\u00e9servation du patrimoine b\u00e2ti et la diffusion des bonnes pratiques pour \u00e9tendre l\u2019emploi des mat\u00e9riaux biosourc\u00e9s et g\u00e9osourc\u00e9s dans l\u2019architecture contemporaine.<\/p>\n<p>Ce travail s\u2019inscrit dans la continuit\u00e9 de plusieurs rencontres r\u00e9gionales, qui ont soulign\u00e9 la n\u00e9cessit\u00e9 de consid\u00e9rer la r\u00e9habilitation du patrimoine comme un levier de d\u00e9veloppement social et \u00e9conomique, et de valoriser la place de l\u2019artisanat dans cet h\u00e9ritage culturel.<\/p>\n<p>La richesse du patrimoine architectural du Maroc, et en particulier de la r\u00e9gion de\u00a0Marrakech-Safi, est dans ce domaine internationalement reconnue.<\/p>\n<p>\u00ab\u00a0al Mi\u2019m\u00e2r\u00a0\u00bb constitue aussi une opportunit\u00e9 annuelle pour les \u00e9tudiants-architectes de l\u2019ENAM, mais \u00e9galement ouverte \u00e0 un grand public, pour la diffusion de la culture de l\u2019architecture et de l\u2019am\u00e9nagement.<\/p>\n<p>La manifestation \u00e9largit leurs connaissances et les sensibilise aux enjeux soci\u00e9taux et environnementaux li\u00e9s \u00e0 l\u2019architecture et \u00e0 l\u2019am\u00e9nagement des territoires.<\/p>\n<p>The post <a rel=\"nofollow\" href=\"https:\/\/www.mapmarrakech.ma\/fr\/larchitecture-frugale-au-coeur-de-la-7e-edition-dal-mimar\/\">L\u2019architecture frugale au c\u0153ur de la 7\u00e8 \u00e9dition d\u2019\u00a0\u00bbal Mi\u2019m\u00e2r\u00a0\u00bb<\/a> appeared first on <a rel=\"nofollow\" href=\"https:\/\/www.mapmarrakech.ma\/fr\">MapMarrakech<\/a>.<\/p>\n<\/div>\n<p>Auteur: Mohammed KOURSI<br \/>\n<a href=\"https:\/\/www.mapmarrakech.ma\/fr\/larchitecture-frugale-au-coeur-de-la-7e-edition-dal-mimar\/\">Cliquez ici pour lire l&rsquo;article depuis sa source.<\/a><\/p>\n","protected":false},"excerpt":{"rendered":"<p>Les intervenants lors de la c\u00e9r\u00e9monie d\u2019ouverture de cette manifestation, initi\u00e9e sous l\u2019\u00e9gide de la Chaire de l\u2019UNESCO \u00ab\u00a0Architecture de terre\u00a0\u00bb, avec l\u2019appui du programme \u00ab\u00a0ERASMUS +\u00a0\u00bb, ont soulign\u00e9 l\u2019importance de la formation continue dans tous les domaines se rapportant \u00e0 cette th\u00e9matique, afin de favoriser l\u2019\u00e9mergence de g\u00e9n\u00e9rations capables d\u2019accompagner les d\u00e9fis, le d\u00e9veloppement, [&hellip;]<\/p>\n","protected":false},"author":1788,"featured_media":0,"comment_status":"closed","ping_status":"closed","sticky":false,"template":"","format":"standard","meta":{"fifu_image_url":"https:\/\/www.mapmarrakech.ma\/map\/uploads\/2022\/03\/Al-miamar.jpg","fifu_image_alt":"L\u2019architecture frugale au c\u0153ur de la 7\u00e8 \u00e9dition d\u2019\u00a0\u00bbal Mi\u2019m\u00e2r\u00a0\u00bb","footnotes":""},"categories":[54,76],"tags":[],"class_list":["post-143665","post","type-post","status-publish","format-standard","hentry","category-maroc","category-regions"],"_links":{"self":[{"href":"https:\/\/linitiative.ca\/International\/wp-json\/wp\/v2\/posts\/143665","targetHints":{"allow":["GET"]}}],"collection":[{"href":"https:\/\/linitiative.ca\/International\/wp-json\/wp\/v2\/posts"}],"about":[{"href":"https:\/\/linitiative.ca\/International\/wp-json\/wp\/v2\/types\/post"}],"author":[{"embeddable":true,"href":"https:\/\/linitiative.ca\/International\/wp-json\/wp\/v2\/users\/1788"}],"replies":[{"embeddable":true,"href":"https:\/\/linitiative.ca\/International\/wp-json\/wp\/v2\/comments?post=143665"}],"version-history":[{"count":0,"href":"https:\/\/linitiative.ca\/International\/wp-json\/wp\/v2\/posts\/143665\/revisions"}],"wp:attachment":[{"href":"https:\/\/linitiative.ca\/International\/wp-json\/wp\/v2\/media?parent=143665"}],"wp:term":[{"taxonomy":"category","embeddable":true,"href":"https:\/\/linitiative.ca\/International\/wp-json\/wp\/v2\/categories?post=143665"},{"taxonomy":"post_tag","embeddable":true,"href":"https:\/\/linitiative.ca\/International\/wp-json\/wp\/v2\/tags?post=143665"}],"curies":[{"name":"wp","href":"https:\/\/api.w.org\/{rel}","templated":true}]}}