{"id":143667,"date":"2022-03-22T11:50:41","date_gmt":"2022-03-22T15:50:41","guid":{"rendered":"https:\/\/linitiative.ca\/International\/amira-tahri-la-jeune-prodige-qui-porte-haut-les-couleurs-du-maroc\/"},"modified":"2022-03-22T11:50:41","modified_gmt":"2022-03-22T15:50:41","slug":"amira-tahri-la-jeune-prodige-qui-porte-haut-les-couleurs-du-maroc","status":"publish","type":"post","link":"https:\/\/linitiative.ca\/International\/amira-tahri-la-jeune-prodige-qui-porte-haut-les-couleurs-du-maroc\/","title":{"rendered":"Amira Tahri, la jeune prodige qui porte haut les couleurs du Maroc"},"content":{"rendered":"<div>\n<div style=\"margin-bottom:20px;\"><img loading=\"lazy\" decoding=\"async\" width=\"5097\" height=\"3911\" src=\"https:\/\/linitiative.ca\/International\/wp-content\/uploads\/sites\/23\/2022\/03\/Amira-Tahri.jpeg\" class=\"attachment-post-thumbnail size-post-thumbnail wp-post-image\" alt=\"\" srcset=\"https:\/\/linitiative.ca\/International\/wp-content\/uploads\/sites\/23\/2022\/03\/Amira-Tahri.jpeg 5097w, https:\/\/www.mapmarrakech.ma\/map\/uploads\/2022\/03\/Amira-Tahri-300x230.jpeg 300w, https:\/\/www.mapmarrakech.ma\/map\/uploads\/2022\/03\/Amira-Tahri-768x589.jpeg 768w, https:\/\/www.mapmarrakech.ma\/map\/uploads\/2022\/03\/Amira-Tahri-1024x786.jpeg 1024w\" sizes=\"auto, (max-width: 5097px) 100vw, 5097px\"><\/div>\n<p>s de son p\u00e8re, Younes Tahri, un boxeur, \u00ab\u00a0The Wondergirl\u202f\u00a0\u00bb s\u2019est inscrite d\u00e8s l\u2019\u00e2ge de six ans au kickboxing, au moment o\u00f9 sa m\u00e8re la voyait d\u00e9j\u00e0 une future star de ballet.<\/p>\n<p>\u00ab\u00a0J\u2019ai commenc\u00e9 \u00e0 m\u2019entra\u00eener \u00e0 la boxe sous la supervision de mon p\u00e8re, mais je me suis convertie rapidement en kickboxing, une discipline compl\u00e8te qui permet de d\u00e9velopper rapidit\u00e9, agilit\u00e9 et coordination\u00a0\u00bb, a d\u00e9clar\u00e9 la jeune ic\u00f4ne du \u00ab\u00a0self-d\u00e9fense\u00a0\u00bb dans une d\u00e9claration \u00e0 M24, la cha\u00eene t\u00e9l\u00e9vis\u00e9e de l\u2019information en continu de la MAP, en marge d\u2019une soir\u00e9e de gala organis\u00e9e, le weekend dernier \u00e0\u00a0Marrakech, dans le cadre de la 4\u00e8 \u00e9dition des Troph\u00e9es Marocains du Monde (TMM), o\u00f9 elle a \u00e9t\u00e9 sacr\u00e9e dans la cat\u00e9gorie \u00ab\u00a0Sport\u00a0\u00bb.<\/p>\n<p>Amira s\u2019est dite \u00ab\u00a0tr\u00e8s heureuse\u00a0\u00bb d\u2019\u00eatre honor\u00e9e dans son pays d\u2019origine, saluant cette initiative qui lui a donn\u00e9 l\u2019opportunit\u00e9 de rester en contact avec ses racines et de rencontrer ses compatriotes r\u00e9sidant dans les quatre coins du monde.<\/p>\n<p>Avec d\u00e9termination et un attachement exemplaire pour ses origines, Amira a d\u00e9cid\u00e9 tr\u00e8s t\u00f4t de repr\u00e9senter le Maroc. \u00ab\u00a0Je suis tr\u00e8s fi\u00e8re de repr\u00e9senter les couleurs de mon pays d\u2019origine. Je poss\u00e8de deux nationalit\u00e9s, marocaine et n\u00e9erlandaise, mais j\u2019ai choisi de repr\u00e9senter le Maroc, qui demeure le pays de mes origines\u00a0\u00bb, a affirm\u00e9 la jeune championne sur un ton de joie et de fiert\u00e9. Un amour solide pour le Royaume exprim\u00e9 aussi \u00e9loquemment, par son p\u00e8re originaire de la ville d\u2019Oujda.<\/p>\n<p>C\u2019est dire qu\u2019Amira a toujours veill\u00e9 \u00e0 maintenir ses liens avec ses racines. \u00ab\u00a0Je visite le Maroc chaque ann\u00e9e pour voir mes grands-parents et garder le contact avec mes origines\u00a0\u00bb, a indiqu\u00e9 cette jeune sportive confirm\u00e9e qui, tout de m\u00eame, ne cesse de nourrir un grand espoir, celui de \u00ab\u00a0pouvoir repr\u00e9senter le Maroc dans les Jeux Olympiques\u00a0\u00bb.<\/p>\n<p>En novembre dernier \u00e0 Abou Dhabi, Amira a consacr\u00e9 sa supr\u00e9matie dans sa cat\u00e9gorie (moins de 27 kg) en remportant son cinqui\u00e8me titre de Championne du Monde du Kickboxing, apr\u00e8s avoir d\u00e9croch\u00e9, haut la main, \u00e0 quatre reprises le titre de Championne d\u2019Europe. Le secret d\u2019un tel exploit et ce succ\u00e8s si reluisant est si simple, explique-t-elle, les doit \u00e0 l\u2019importance de la pers\u00e9v\u00e9rance et du travail ardu.<\/p>\n<p>\u00ab\u00a0D\u00e8s que d\u2019importants tournois ou comp\u00e9titions approchent, je m\u2019entra\u00eene cinq fois par semaine avec mon coach encha\u00eenant entra\u00eenement technique et physique, tel que la course et la musculation\u00a0\u00bb, a relev\u00e9 Amira en langue n\u00e9erlandaise, traduite par la voix de son p\u00e8re, qui ne la quitte presque jamais.<\/p>\n<p>\u00ab\u00a0Il m\u2019emm\u00e8ne \u00e0 mes s\u00e9ances d\u2019entra\u00eenement, assiste \u00e0 mes comp\u00e9titions et prend soin de tous les aspects administratifs concernant ma participation aux comp\u00e9titions\u00a0\u00bb, a-t-elle fait savoir.<\/p>\n<p>Dans ce sens, elle a annonc\u00e9 qu\u2019elle se pr\u00e9pare pour son prochain Challenge, pr\u00e9vu le 21 mai prochain. \u00ab\u00a0Apr\u00e8s mon sacre \u00e0 Abou Dhabi, je me suis repos\u00e9 en baissant la cadence de mon entra\u00eenement pour maintenir deux s\u00e9ances par semaine, mais vu que ce rendez-vous approche, je vais programmer cinq s\u00e9ances d\u2019entra\u00eenement par semaine\u00a0\u00bb, a-t-elle pr\u00e9cis\u00e9.<\/p>\n<p>Malgr\u00e9 son agenda trop charg\u00e9, la jeune athl\u00e8te tente de pr\u00e9server, avec succ\u00e8s, un certain \u00e9quilibre pas toujours ais\u00e9, entre ses \u00e9tudes et son parcours professionnel.<\/p>\n<p>C\u2019est ainsi qu\u2019elle n\u2019h\u00e9site gu\u00e8re \u00e0 encourager les enfants marocains \u00e0 pratiquer le sport. \u00ab\u00a0Pratiquer un sport favorise une croissance et un d\u00e9veloppement sains et promeut la confiance et l\u2019estime de soi\u00a0\u00bb, a-t-elle dit.<\/p>\n<p>Avec ses grands exploits, sa passion pour le sport, et sa pers\u00e9v\u00e9rance \u00e0 \u00e9voluer et se forger une place sur les podiums \u00e0 l\u2019international, Amira n\u2019a pas tard\u00e9 \u00e0 impressionner des ic\u00f4nes incontest\u00e9es des arts martiaux, \u00e0 l\u2019instar de Mike Tyson, qui l\u2019avait invit\u00e9 aux \u00c9tats-Unis il y a quelques ann\u00e9es.<\/p>\n<p>L\u2019ann\u00e9e derni\u00e8re, elle a figur\u00e9 \u00e0 la deuxi\u00e8me place dans le classement hollandais Kleurrijke Top 100 des personnalit\u00e9s les plus influentes, inspirantes et talentueuses aux Pays-Bas, apr\u00e8s le footballeur Hakim Ziyech.<\/p>\n<p>The post <a rel=\"nofollow\" href=\"https:\/\/www.mapmarrakech.ma\/fr\/amira-tahri-la-jeune-prodige-qui-porte-haut-les-couleurs-du-maroc\/\">Amira Tahri, la jeune prodige qui porte haut les couleurs du Maroc<\/a> appeared first on <a rel=\"nofollow\" href=\"https:\/\/www.mapmarrakech.ma\/fr\">MapMarrakech<\/a>.<\/p>\n<\/div>\n<p>Auteur: Mohammed KOURSI<br \/>\n<a href=\"https:\/\/www.mapmarrakech.ma\/fr\/amira-tahri-la-jeune-prodige-qui-porte-haut-les-couleurs-du-maroc\/\">Cliquez ici pour lire l&rsquo;article depuis sa source.<\/a><\/p>\n","protected":false},"excerpt":{"rendered":"<p>s de son p\u00e8re, Younes Tahri, un boxeur, \u00ab\u00a0The Wondergirl\u202f\u00a0\u00bb s\u2019est inscrite d\u00e8s l\u2019\u00e2ge de six ans au kickboxing, au moment o\u00f9 sa m\u00e8re la voyait d\u00e9j\u00e0 une future star de ballet. \u00ab\u00a0J\u2019ai commenc\u00e9 \u00e0 m\u2019entra\u00eener \u00e0 la boxe sous la supervision de mon p\u00e8re, mais je me suis convertie rapidement en kickboxing, une discipline [&hellip;]<\/p>\n","protected":false},"author":1788,"featured_media":0,"comment_status":"closed","ping_status":"closed","sticky":false,"template":"","format":"standard","meta":{"fifu_image_url":"https:\/\/www.mapmarrakech.ma\/map\/uploads\/2022\/03\/Amira-Tahri.jpeg","fifu_image_alt":"Amira Tahri, la jeune prodige qui porte haut les couleurs du Maroc","footnotes":""},"categories":[54,76],"tags":[],"class_list":["post-143667","post","type-post","status-publish","format-standard","hentry","category-maroc","category-regions"],"_links":{"self":[{"href":"https:\/\/linitiative.ca\/International\/wp-json\/wp\/v2\/posts\/143667","targetHints":{"allow":["GET"]}}],"collection":[{"href":"https:\/\/linitiative.ca\/International\/wp-json\/wp\/v2\/posts"}],"about":[{"href":"https:\/\/linitiative.ca\/International\/wp-json\/wp\/v2\/types\/post"}],"author":[{"embeddable":true,"href":"https:\/\/linitiative.ca\/International\/wp-json\/wp\/v2\/users\/1788"}],"replies":[{"embeddable":true,"href":"https:\/\/linitiative.ca\/International\/wp-json\/wp\/v2\/comments?post=143667"}],"version-history":[{"count":0,"href":"https:\/\/linitiative.ca\/International\/wp-json\/wp\/v2\/posts\/143667\/revisions"}],"wp:attachment":[{"href":"https:\/\/linitiative.ca\/International\/wp-json\/wp\/v2\/media?parent=143667"}],"wp:term":[{"taxonomy":"category","embeddable":true,"href":"https:\/\/linitiative.ca\/International\/wp-json\/wp\/v2\/categories?post=143667"},{"taxonomy":"post_tag","embeddable":true,"href":"https:\/\/linitiative.ca\/International\/wp-json\/wp\/v2\/tags?post=143667"}],"curies":[{"name":"wp","href":"https:\/\/api.w.org\/{rel}","templated":true}]}}