{"id":143669,"date":"2022-03-22T13:43:07","date_gmt":"2022-03-22T17:43:07","guid":{"rendered":"https:\/\/linitiative.ca\/International\/maroc-la-croissance-a-07-en-2022-bam\/"},"modified":"2022-03-22T13:43:07","modified_gmt":"2022-03-22T17:43:07","slug":"maroc-la-croissance-a-07-en-2022-bam","status":"publish","type":"post","link":"https:\/\/linitiative.ca\/International\/maroc-la-croissance-a-07-en-2022-bam\/","title":{"rendered":"Maroc: La croissance \u00e0 0,7% en 2022 (BAM)"},"content":{"rendered":"<div>\n<div style=\"margin-bottom:20px;\"><img loading=\"lazy\" decoding=\"async\" width=\"750\" height=\"430\" src=\"https:\/\/linitiative.ca\/International\/wp-content\/uploads\/sites\/23\/2022\/03\/SiC3A8ge-de-la-BAM-750C397430-MAP.jpg\" class=\"attachment-post-thumbnail size-post-thumbnail wp-post-image\" alt=\"\" srcset=\"https:\/\/linitiative.ca\/International\/wp-content\/uploads\/sites\/23\/2022\/03\/SiC3A8ge-de-la-BAM-750C397430-MAP.jpg 750w, https:\/\/www.mapoujda.ma\/map\/uploads\/2021\/07\/Si\u00e8ge-de-la-BAM-750\u00d7430-MAP-300x172.jpg 300w\" sizes=\"auto, (max-width: 750px) 100vw, 750px\"><\/div>\n<p style=\"text-align: justify;\">La croissance de l\u2019\u00e9conomie nationale devrait se situer \u00e0 0,7% en 2022, avant de progresser \u00e0 4,6% en 2023, estime Bank Al-Maghrib (BAM).<\/p>\n<p style=\"text-align: justify;\">\u00ab\u00a0P\u00e2tissant de conditions climatiques particuli\u00e8rement d\u00e9favorables, la campagne agricole devrait enregistrer, selon les pr\u00e9visions de BAM, une production c\u00e9r\u00e9ali\u00e8re autour de 25 millions de quintaux et ce, apr\u00e8s 103,2 millions de quintaux un an auparavant. La valeur ajout\u00e9e agricole devrait ainsi baisser de 19,8%, ramenant la croissance \u00e9conomique \u00e0 0,7% en 2022 apr\u00e8s un rebond qui aurait atteint 7,3% en 2021\u00a0\u00bb, pr\u00e9cise la Banque centrale dans un communiqu\u00e9 publi\u00e9 \u00e0 l\u2019issue de la premi\u00e8re session de son conseil au titre de l\u2019ann\u00e9e 2022.<\/p>\n<p style=\"text-align: justify;\">En 2023, sous l\u2019hypoth\u00e8se d\u2019une r\u00e9colte moyenne de 75 millions de quintaux, la valeur ajout\u00e9e agricole augmenterait de 17%, portant la croissance \u00e0 4,6%, ajoute la m\u00eame source.<\/p>\n<p style=\"text-align: justify;\">Pour ce qui est des activit\u00e9s non agricoles, elles devraient se consolider graduellement, avec une progression de 3% de leur valeur ajout\u00e9e en 2022 et en 2023.<\/p>\n<p>L\u2019article <a rel=\"nofollow\" href=\"https:\/\/www.mapoujda.ma\/fr\/maroc-la-croissance-a-07-en-2022-bam\/\">Maroc: La croissance \u00e0 0,7% en 2022 (BAM)<\/a> est apparu en premier sur <a rel=\"nofollow\" href=\"https:\/\/www.mapoujda.ma\/fr\">MapOujda<\/a>.<\/p>\n<\/div>\n<p>Auteur: Soufiane ELAHMAR<br \/>\n<a href=\"https:\/\/www.mapoujda.ma\/fr\/maroc-la-croissance-a-07-en-2022-bam\/\">Cliquez ici pour lire l&rsquo;article depuis sa source.<\/a><\/p>\n","protected":false},"excerpt":{"rendered":"<p>La croissance de l\u2019\u00e9conomie nationale devrait se situer \u00e0 0,7% en 2022, avant de progresser \u00e0 4,6% en 2023, estime Bank Al-Maghrib (BAM). \u00ab\u00a0P\u00e2tissant de conditions climatiques particuli\u00e8rement d\u00e9favorables, la campagne agricole devrait enregistrer, selon les pr\u00e9visions de BAM, une production c\u00e9r\u00e9ali\u00e8re autour de 25 millions de quintaux et ce, apr\u00e8s 103,2 millions de quintaux [&hellip;]<\/p>\n","protected":false},"author":1788,"featured_media":0,"comment_status":"closed","ping_status":"closed","sticky":false,"template":"","format":"standard","meta":{"fifu_image_url":"https:\/\/www.mapoujda.ma\/map\/uploads\/2021\/07\/Si\u00e8ge-de-la-BAM-750\u00d7430-MAP.jpg","fifu_image_alt":"Maroc: La croissance \u00e0 0,7% en 2022 (BAM)","footnotes":""},"categories":[54,76],"tags":[],"class_list":["post-143669","post","type-post","status-publish","format-standard","hentry","category-maroc","category-regions"],"_links":{"self":[{"href":"https:\/\/linitiative.ca\/International\/wp-json\/wp\/v2\/posts\/143669","targetHints":{"allow":["GET"]}}],"collection":[{"href":"https:\/\/linitiative.ca\/International\/wp-json\/wp\/v2\/posts"}],"about":[{"href":"https:\/\/linitiative.ca\/International\/wp-json\/wp\/v2\/types\/post"}],"author":[{"embeddable":true,"href":"https:\/\/linitiative.ca\/International\/wp-json\/wp\/v2\/users\/1788"}],"replies":[{"embeddable":true,"href":"https:\/\/linitiative.ca\/International\/wp-json\/wp\/v2\/comments?post=143669"}],"version-history":[{"count":0,"href":"https:\/\/linitiative.ca\/International\/wp-json\/wp\/v2\/posts\/143669\/revisions"}],"wp:attachment":[{"href":"https:\/\/linitiative.ca\/International\/wp-json\/wp\/v2\/media?parent=143669"}],"wp:term":[{"taxonomy":"category","embeddable":true,"href":"https:\/\/linitiative.ca\/International\/wp-json\/wp\/v2\/categories?post=143669"},{"taxonomy":"post_tag","embeddable":true,"href":"https:\/\/linitiative.ca\/International\/wp-json\/wp\/v2\/tags?post=143669"}],"curies":[{"name":"wp","href":"https:\/\/api.w.org\/{rel}","templated":true}]}}