{"id":143671,"date":"2022-03-22T09:48:44","date_gmt":"2022-03-22T13:48:44","guid":{"rendered":"https:\/\/linitiative.ca\/International\/energie-securite-alimentaire-sissi-bennet-et-mohammed-ben-zayed-se-reunissent\/"},"modified":"2022-03-22T09:48:44","modified_gmt":"2022-03-22T13:48:44","slug":"energie-securite-alimentaire-sissi-bennet-et-mohammed-ben-zayed-se-reunissent","status":"publish","type":"post","link":"https:\/\/linitiative.ca\/International\/energie-securite-alimentaire-sissi-bennet-et-mohammed-ben-zayed-se-reunissent\/","title":{"rendered":"Energie\/ S\u00e9curit\u00e9 alimentaire: Sissi, Bennet et Mohammed ben Zayed se r\u00e9unissent"},"content":{"rendered":"<div>\n<div class=\"field field-name-body field-type-text-with-summary field-label-hidden\">\n<div class=\"field-items\">\n<div class=\"field-item even\" property=\"content:encoded\">\n<p class=\"rtejustify\">Le pr\u00e9sident \u00e9gyptien Abdel Fattah al-Sissi s\u2019est r\u00e9uni, mardi \u00e0 Charm el-Cheikh, avec le ministre isra\u00e9lien Naftali Bennett et le dirigeant de facto des Emirats arabes unis, Mohammed ben Zayed, a indiqu\u00e9 la pr\u00e9sidence \u00e9gyptienne. Cette rencontre, premi\u00e8re du genre entre les trois dirigeants a port\u00e9 \u00ab\u00a0notamment sur l&rsquo;\u00e9nergie et la s\u00e9curit\u00e9 alimentaire\u00a0\u00bb dans le contexte de la guerre en Ukraine, selon le porte-parole pr\u00e9sidentiel, Bassam Radi.<\/p>\n<\/div>\n<\/div>\n<\/div>\n<\/div>\n<p>Auteur: hgueye<br \/>\n<a href=\"https:\/\/www.leconomiste.com\/flash-infos\/energie-securite-alimentaire-sissi-bennet-et-mohammed-ben-zayed-se-reunissent\">Cliquez ici pour lire l&rsquo;article depuis sa source.<\/a><\/p>\n","protected":false},"excerpt":{"rendered":"<p>Le pr\u00e9sident \u00e9gyptien Abdel Fattah al-Sissi s\u2019est r\u00e9uni, mardi \u00e0 Charm el-Cheikh, avec le ministre isra\u00e9lien Naftali Bennett et le dirigeant de facto des Emirats arabes unis, Mohammed ben Zayed, a indiqu\u00e9 la pr\u00e9sidence \u00e9gyptienne. Cette rencontre, premi\u00e8re du genre entre les trois dirigeants a port\u00e9 \u00ab\u00a0notamment sur l&rsquo;\u00e9nergie et la s\u00e9curit\u00e9 alimentaire\u00a0\u00bb dans le [&hellip;]<\/p>\n","protected":false},"author":1763,"featured_media":0,"comment_status":"closed","ping_status":"closed","sticky":false,"template":"","format":"standard","meta":{"fifu_image_url":"","fifu_image_alt":"","footnotes":""},"categories":[78,54],"tags":[],"class_list":["post-143671","post","type-post","status-publish","format-standard","hentry","category-economie","category-maroc"],"_links":{"self":[{"href":"https:\/\/linitiative.ca\/International\/wp-json\/wp\/v2\/posts\/143671","targetHints":{"allow":["GET"]}}],"collection":[{"href":"https:\/\/linitiative.ca\/International\/wp-json\/wp\/v2\/posts"}],"about":[{"href":"https:\/\/linitiative.ca\/International\/wp-json\/wp\/v2\/types\/post"}],"author":[{"embeddable":true,"href":"https:\/\/linitiative.ca\/International\/wp-json\/wp\/v2\/users\/1763"}],"replies":[{"embeddable":true,"href":"https:\/\/linitiative.ca\/International\/wp-json\/wp\/v2\/comments?post=143671"}],"version-history":[{"count":0,"href":"https:\/\/linitiative.ca\/International\/wp-json\/wp\/v2\/posts\/143671\/revisions"}],"wp:attachment":[{"href":"https:\/\/linitiative.ca\/International\/wp-json\/wp\/v2\/media?parent=143671"}],"wp:term":[{"taxonomy":"category","embeddable":true,"href":"https:\/\/linitiative.ca\/International\/wp-json\/wp\/v2\/categories?post=143671"},{"taxonomy":"post_tag","embeddable":true,"href":"https:\/\/linitiative.ca\/International\/wp-json\/wp\/v2\/tags?post=143671"}],"curies":[{"name":"wp","href":"https:\/\/api.w.org\/{rel}","templated":true}]}}