{"id":143672,"date":"2022-03-22T10:44:20","date_gmt":"2022-03-22T14:44:20","guid":{"rendered":"https:\/\/linitiative.ca\/International\/sexe-contre-bonnes-notes-prison-ferme-pour-deux-professeurs\/"},"modified":"2022-03-22T10:44:20","modified_gmt":"2022-03-22T14:44:20","slug":"sexe-contre-bonnes-notes-prison-ferme-pour-deux-professeurs","status":"publish","type":"post","link":"https:\/\/linitiative.ca\/International\/sexe-contre-bonnes-notes-prison-ferme-pour-deux-professeurs\/","title":{"rendered":"Sexe contre bonnes notes: Prison ferme pour deux professeurs"},"content":{"rendered":"<div>\n<div class=\"field field-name-body field-type-text-with-summary field-label-hidden\">\n<div class=\"field-items\">\n<div class=\"field-item even\" property=\"content:encoded\">\n<p class=\"rtejustify\">Deux professeurs d\u2019universit\u00e9 ont \u00e9t\u00e9 condamn\u00e9s par la justice marocaine, mardi, respectivement \u00e0 un an et \u00e0 18 mois de prison ferme pour \u00ab\u00a0harc\u00e8lement sexuel\u00a0\u00bb contre des \u00e9tudiantes \u00e0 la suite du scandale \u00ab sexe contre bonnes notes \u00bb. En revanche, deux autres universitaires, poursuivis dans la m\u00eame affaire, ont \u00e9t\u00e9 relax\u00e9s par le tribunal de premi\u00e8re instance de Settat, a indiqu\u00e9 \u00e0 l&rsquo;AFP une avocate de la partie civile, A\u00efcha El Guella.<\/p>\n<\/div>\n<\/div>\n<\/div>\n<\/div>\n<p>Auteur: hgueye<br \/>\n<a href=\"https:\/\/www.leconomiste.com\/flash-infos\/sexe-contre-bonnes-notes-prison-ferme-pour-deux-professeurs\">Cliquez ici pour lire l&rsquo;article depuis sa source.<\/a><\/p>\n","protected":false},"excerpt":{"rendered":"<p>Deux professeurs d\u2019universit\u00e9 ont \u00e9t\u00e9 condamn\u00e9s par la justice marocaine, mardi, respectivement \u00e0 un an et \u00e0 18 mois de prison ferme pour \u00ab\u00a0harc\u00e8lement sexuel\u00a0\u00bb contre des \u00e9tudiantes \u00e0 la suite du scandale \u00ab sexe contre bonnes notes \u00bb. En revanche, deux autres universitaires, poursuivis dans la m\u00eame affaire, ont \u00e9t\u00e9 relax\u00e9s par le tribunal [&hellip;]<\/p>\n","protected":false},"author":1763,"featured_media":0,"comment_status":"closed","ping_status":"closed","sticky":false,"template":"","format":"standard","meta":{"fifu_image_url":"","fifu_image_alt":"","footnotes":""},"categories":[78,54],"tags":[],"class_list":["post-143672","post","type-post","status-publish","format-standard","hentry","category-economie","category-maroc"],"_links":{"self":[{"href":"https:\/\/linitiative.ca\/International\/wp-json\/wp\/v2\/posts\/143672","targetHints":{"allow":["GET"]}}],"collection":[{"href":"https:\/\/linitiative.ca\/International\/wp-json\/wp\/v2\/posts"}],"about":[{"href":"https:\/\/linitiative.ca\/International\/wp-json\/wp\/v2\/types\/post"}],"author":[{"embeddable":true,"href":"https:\/\/linitiative.ca\/International\/wp-json\/wp\/v2\/users\/1763"}],"replies":[{"embeddable":true,"href":"https:\/\/linitiative.ca\/International\/wp-json\/wp\/v2\/comments?post=143672"}],"version-history":[{"count":0,"href":"https:\/\/linitiative.ca\/International\/wp-json\/wp\/v2\/posts\/143672\/revisions"}],"wp:attachment":[{"href":"https:\/\/linitiative.ca\/International\/wp-json\/wp\/v2\/media?parent=143672"}],"wp:term":[{"taxonomy":"category","embeddable":true,"href":"https:\/\/linitiative.ca\/International\/wp-json\/wp\/v2\/categories?post=143672"},{"taxonomy":"post_tag","embeddable":true,"href":"https:\/\/linitiative.ca\/International\/wp-json\/wp\/v2\/tags?post=143672"}],"curies":[{"name":"wp","href":"https:\/\/api.w.org\/{rel}","templated":true}]}}