{"id":143673,"date":"2022-03-22T11:19:01","date_gmt":"2022-03-22T15:19:01","guid":{"rendered":"https:\/\/linitiative.ca\/International\/covid-87-nouveaux-cas-et-un-deces\/"},"modified":"2022-03-22T11:19:01","modified_gmt":"2022-03-22T15:19:01","slug":"covid-87-nouveaux-cas-et-un-deces","status":"publish","type":"post","link":"https:\/\/linitiative.ca\/International\/covid-87-nouveaux-cas-et-un-deces\/","title":{"rendered":"Covid: 87 nouveaux cas et un d\u00e9c\u00e8s"},"content":{"rendered":"<div>\n<div class=\"field field-name-body field-type-text-with-summary field-label-hidden\">\n<div class=\"field-items\">\n<div class=\"field-item even\" property=\"content:encoded\">\n<p class=\"rtejustify\" style='text-align: justify; color: rgb(51, 51, 51); font-family: sans-serif, Arial, Verdana, \"Trebuchet MS\"; font-size: 13px;'>Un total de\u00a0<strong>87<\/strong>\u00a0nouveaux cas d&rsquo;infection au Covid-19 et\u00a0<strong>43<\/strong>\u00a0gu\u00e9risons ont \u00e9t\u00e9 enregistr\u00e9s au Maroc pendant les derni\u00e8res 24 heures, a indiqu\u00e9 mardi\u00a0le minist\u00e8re de la Sant\u00e9 et de la protection sociale, alors qu&rsquo;un d\u00e9c\u00e8s a \u00e9t\u00e9 recens\u00e9.<\/p>\n<\/div>\n<\/div>\n<\/div>\n<\/div>\n<p>Auteur: hgueye<br \/>\n<a href=\"https:\/\/www.leconomiste.com\/flash-infos\/covid-87-nouveaux-cas-et-un-deces\">Cliquez ici pour lire l&rsquo;article depuis sa source.<\/a><\/p>\n","protected":false},"excerpt":{"rendered":"<p>Un total de\u00a087\u00a0nouveaux cas d&rsquo;infection au Covid-19 et\u00a043\u00a0gu\u00e9risons ont \u00e9t\u00e9 enregistr\u00e9s au Maroc pendant les derni\u00e8res 24 heures, a indiqu\u00e9 mardi\u00a0le minist\u00e8re de la Sant\u00e9 et de la protection sociale, alors qu&rsquo;un d\u00e9c\u00e8s a \u00e9t\u00e9 recens\u00e9. Auteur: hgueye Cliquez ici pour lire l&rsquo;article depuis sa source.<\/p>\n","protected":false},"author":1763,"featured_media":0,"comment_status":"closed","ping_status":"closed","sticky":false,"template":"","format":"standard","meta":{"fifu_image_url":"","fifu_image_alt":"","footnotes":""},"categories":[78,54],"tags":[],"class_list":["post-143673","post","type-post","status-publish","format-standard","hentry","category-economie","category-maroc"],"_links":{"self":[{"href":"https:\/\/linitiative.ca\/International\/wp-json\/wp\/v2\/posts\/143673","targetHints":{"allow":["GET"]}}],"collection":[{"href":"https:\/\/linitiative.ca\/International\/wp-json\/wp\/v2\/posts"}],"about":[{"href":"https:\/\/linitiative.ca\/International\/wp-json\/wp\/v2\/types\/post"}],"author":[{"embeddable":true,"href":"https:\/\/linitiative.ca\/International\/wp-json\/wp\/v2\/users\/1763"}],"replies":[{"embeddable":true,"href":"https:\/\/linitiative.ca\/International\/wp-json\/wp\/v2\/comments?post=143673"}],"version-history":[{"count":0,"href":"https:\/\/linitiative.ca\/International\/wp-json\/wp\/v2\/posts\/143673\/revisions"}],"wp:attachment":[{"href":"https:\/\/linitiative.ca\/International\/wp-json\/wp\/v2\/media?parent=143673"}],"wp:term":[{"taxonomy":"category","embeddable":true,"href":"https:\/\/linitiative.ca\/International\/wp-json\/wp\/v2\/categories?post=143673"},{"taxonomy":"post_tag","embeddable":true,"href":"https:\/\/linitiative.ca\/International\/wp-json\/wp\/v2\/tags?post=143673"}],"curies":[{"name":"wp","href":"https:\/\/api.w.org\/{rel}","templated":true}]}}