{"id":143674,"date":"2022-03-22T14:26:36","date_gmt":"2022-03-22T18:26:36","guid":{"rendered":"https:\/\/linitiative.ca\/International\/tanger-lofppt-lance-la-4e-edition-de-ses-journees-thematiques-prodays\/"},"modified":"2022-03-22T14:26:36","modified_gmt":"2022-03-22T18:26:36","slug":"tanger-lofppt-lance-la-4e-edition-de-ses-journees-thematiques-prodays","status":"publish","type":"post","link":"https:\/\/linitiative.ca\/International\/tanger-lofppt-lance-la-4e-edition-de-ses-journees-thematiques-prodays\/","title":{"rendered":"Tanger : L\u2019OFPPT lance la 4e \u00e9dition de ses journ\u00e9es th\u00e9matiques Pro\u2019Days"},"content":{"rendered":"<div>\n<div class=\"field field-name-body field-type-text-with-summary field-label-hidden\">\n<div class=\"field-items\">\n<div class=\"field-item even\" property=\"content:encoded\">\n<p class=\"rtejustify\">La 4e \u00e9dition des journ\u00e9es th\u00e9matiques \u00ab\u00a0Pro&rsquo;Days\u00a0\u00bb, a \u00e9t\u00e9 lanc\u00e9e \u00e0 Tanger. L\u2019\u00e9v\u00e9nement est lanc\u00e9 par l\u2019Office de la Formation Professionnelle et de la Promotion du Travail (OFPPT) qui a choisi pour cette \u00e9dition le th\u00e8me du Verdissement des m\u00e9tiers.<\/p>\n<\/div>\n<\/div>\n<\/div>\n<\/div>\n<p>Auteur: mbasraoui<br \/>\n<a href=\"https:\/\/www.leconomiste.com\/flash-infos\/tanger-l-ofppt-lance-la-4e-edition-de-ses-journees-thematiques-pro-days\">Cliquez ici pour lire l&rsquo;article depuis sa source.<\/a><\/p>\n","protected":false},"excerpt":{"rendered":"<p>La 4e \u00e9dition des journ\u00e9es th\u00e9matiques \u00ab\u00a0Pro&rsquo;Days\u00a0\u00bb, a \u00e9t\u00e9 lanc\u00e9e \u00e0 Tanger. L\u2019\u00e9v\u00e9nement est lanc\u00e9 par l\u2019Office de la Formation Professionnelle et de la Promotion du Travail (OFPPT) qui a choisi pour cette \u00e9dition le th\u00e8me du Verdissement des m\u00e9tiers. Auteur: mbasraoui Cliquez ici pour lire l&rsquo;article depuis sa source.<\/p>\n","protected":false},"author":1763,"featured_media":0,"comment_status":"closed","ping_status":"closed","sticky":false,"template":"","format":"standard","meta":{"fifu_image_url":"","fifu_image_alt":"","footnotes":""},"categories":[78,54],"tags":[],"class_list":["post-143674","post","type-post","status-publish","format-standard","hentry","category-economie","category-maroc"],"_links":{"self":[{"href":"https:\/\/linitiative.ca\/International\/wp-json\/wp\/v2\/posts\/143674","targetHints":{"allow":["GET"]}}],"collection":[{"href":"https:\/\/linitiative.ca\/International\/wp-json\/wp\/v2\/posts"}],"about":[{"href":"https:\/\/linitiative.ca\/International\/wp-json\/wp\/v2\/types\/post"}],"author":[{"embeddable":true,"href":"https:\/\/linitiative.ca\/International\/wp-json\/wp\/v2\/users\/1763"}],"replies":[{"embeddable":true,"href":"https:\/\/linitiative.ca\/International\/wp-json\/wp\/v2\/comments?post=143674"}],"version-history":[{"count":0,"href":"https:\/\/linitiative.ca\/International\/wp-json\/wp\/v2\/posts\/143674\/revisions"}],"wp:attachment":[{"href":"https:\/\/linitiative.ca\/International\/wp-json\/wp\/v2\/media?parent=143674"}],"wp:term":[{"taxonomy":"category","embeddable":true,"href":"https:\/\/linitiative.ca\/International\/wp-json\/wp\/v2\/categories?post=143674"},{"taxonomy":"post_tag","embeddable":true,"href":"https:\/\/linitiative.ca\/International\/wp-json\/wp\/v2\/tags?post=143674"}],"curies":[{"name":"wp","href":"https:\/\/api.w.org\/{rel}","templated":true}]}}