{"id":143678,"date":"2022-03-22T10:45:00","date_gmt":"2022-03-22T14:45:00","guid":{"rendered":"https:\/\/linitiative.ca\/International\/le-barca-se-penche-sur-un-jeune-talent-neerlandais\/"},"modified":"2022-03-22T10:45:00","modified_gmt":"2022-03-22T14:45:00","slug":"le-barca-se-penche-sur-un-jeune-talent-neerlandais","status":"publish","type":"post","link":"https:\/\/linitiative.ca\/International\/le-barca-se-penche-sur-un-jeune-talent-neerlandais\/","title":{"rendered":"Le Bar\u00e7a se penche sur un jeune talent n\u00e9erlandais"},"content":{"rendered":"<div>Selon Les-Transferts et The Athletic, la formation du Barcelone s\u2019int\u00e9resserait de pr\u00e8s \u00e0 un jeune talent n\u00e9erlandais en vue du prochain mercato.<\/div>\n<p>Auteur:<br \/>\n<a href=\"https:\/\/www.lebuteur.com\/article\/detail?titre=le-barca-se-penche-sur-un-jeune-talent-neerlandais&#038;id=102545\">Cliquez ici pour lire l&rsquo;article depuis sa source.<\/a><\/p>\n","protected":false},"excerpt":{"rendered":"<p>Selon Les-Transferts et The Athletic, la formation du Barcelone s\u2019int\u00e9resserait de pr\u00e8s \u00e0 un jeune talent n\u00e9erlandais en vue du prochain mercato. Auteur: Cliquez ici pour lire l&rsquo;article depuis sa source.<\/p>\n","protected":false},"author":1738,"featured_media":0,"comment_status":"closed","ping_status":"closed","sticky":false,"template":"","format":"standard","meta":{"fifu_image_url":"","fifu_image_alt":"","footnotes":""},"categories":[53,75],"tags":[],"class_list":["post-143678","post","type-post","status-publish","format-standard","hentry","category-algerie","category-sport"],"_links":{"self":[{"href":"https:\/\/linitiative.ca\/International\/wp-json\/wp\/v2\/posts\/143678","targetHints":{"allow":["GET"]}}],"collection":[{"href":"https:\/\/linitiative.ca\/International\/wp-json\/wp\/v2\/posts"}],"about":[{"href":"https:\/\/linitiative.ca\/International\/wp-json\/wp\/v2\/types\/post"}],"author":[{"embeddable":true,"href":"https:\/\/linitiative.ca\/International\/wp-json\/wp\/v2\/users\/1738"}],"replies":[{"embeddable":true,"href":"https:\/\/linitiative.ca\/International\/wp-json\/wp\/v2\/comments?post=143678"}],"version-history":[{"count":0,"href":"https:\/\/linitiative.ca\/International\/wp-json\/wp\/v2\/posts\/143678\/revisions"}],"wp:attachment":[{"href":"https:\/\/linitiative.ca\/International\/wp-json\/wp\/v2\/media?parent=143678"}],"wp:term":[{"taxonomy":"category","embeddable":true,"href":"https:\/\/linitiative.ca\/International\/wp-json\/wp\/v2\/categories?post=143678"},{"taxonomy":"post_tag","embeddable":true,"href":"https:\/\/linitiative.ca\/International\/wp-json\/wp\/v2\/tags?post=143678"}],"curies":[{"name":"wp","href":"https:\/\/api.w.org\/{rel}","templated":true}]}}