{"id":143679,"date":"2022-03-22T12:23:00","date_gmt":"2022-03-22T16:23:00","guid":{"rendered":"https:\/\/linitiative.ca\/International\/entre-lalgerie-et-la-france-yasser-larouci-a-fait-son-choix\/"},"modified":"2022-03-22T12:23:00","modified_gmt":"2022-03-22T16:23:00","slug":"entre-lalgerie-et-la-france-yasser-larouci-a-fait-son-choix","status":"publish","type":"post","link":"https:\/\/linitiative.ca\/International\/entre-lalgerie-et-la-france-yasser-larouci-a-fait-son-choix\/","title":{"rendered":"Entre l\u2019Alg\u00e9rie et la France, Yasser Larouci a fait son choix"},"content":{"rendered":"<div>Les derni\u00e8res rumeurs indiquaient m\u00eame que l&rsquo;ancien joueur de Liverpool \u00e9tait de plus en plus proche d&rsquo;\u00eatre appel\u00e9 avec les Fennecs&#8230;<\/div>\n<p>Auteur:<br \/>\n<a href=\"https:\/\/www.lebuteur.com\/article\/detail?titre=entre-lalgerie-et-la-france-yasser-larouci-a-fait-son-choix&#038;id=102546\">Cliquez ici pour lire l&rsquo;article depuis sa source.<\/a><\/p>\n","protected":false},"excerpt":{"rendered":"<p>Les derni\u00e8res rumeurs indiquaient m\u00eame que l&rsquo;ancien joueur de Liverpool \u00e9tait de plus en plus proche d&rsquo;\u00eatre appel\u00e9 avec les Fennecs&#8230; Auteur: Cliquez ici pour lire l&rsquo;article depuis sa source.<\/p>\n","protected":false},"author":1738,"featured_media":0,"comment_status":"closed","ping_status":"closed","sticky":false,"template":"","format":"standard","meta":{"fifu_image_url":"","fifu_image_alt":"","footnotes":""},"categories":[53,75],"tags":[],"class_list":["post-143679","post","type-post","status-publish","format-standard","hentry","category-algerie","category-sport"],"_links":{"self":[{"href":"https:\/\/linitiative.ca\/International\/wp-json\/wp\/v2\/posts\/143679","targetHints":{"allow":["GET"]}}],"collection":[{"href":"https:\/\/linitiative.ca\/International\/wp-json\/wp\/v2\/posts"}],"about":[{"href":"https:\/\/linitiative.ca\/International\/wp-json\/wp\/v2\/types\/post"}],"author":[{"embeddable":true,"href":"https:\/\/linitiative.ca\/International\/wp-json\/wp\/v2\/users\/1738"}],"replies":[{"embeddable":true,"href":"https:\/\/linitiative.ca\/International\/wp-json\/wp\/v2\/comments?post=143679"}],"version-history":[{"count":0,"href":"https:\/\/linitiative.ca\/International\/wp-json\/wp\/v2\/posts\/143679\/revisions"}],"wp:attachment":[{"href":"https:\/\/linitiative.ca\/International\/wp-json\/wp\/v2\/media?parent=143679"}],"wp:term":[{"taxonomy":"category","embeddable":true,"href":"https:\/\/linitiative.ca\/International\/wp-json\/wp\/v2\/categories?post=143679"},{"taxonomy":"post_tag","embeddable":true,"href":"https:\/\/linitiative.ca\/International\/wp-json\/wp\/v2\/tags?post=143679"}],"curies":[{"name":"wp","href":"https:\/\/api.w.org\/{rel}","templated":true}]}}