{"id":143680,"date":"2022-03-22T13:51:00","date_gmt":"2022-03-22T17:51:00","guid":{"rendered":"https:\/\/linitiative.ca\/International\/qualifs-mondial-2022-la-preparation-pour-le-match-face-au-cameroun-a-debute-a-malabo\/"},"modified":"2022-03-22T13:51:00","modified_gmt":"2022-03-22T17:51:00","slug":"qualifs-mondial-2022-la-preparation-pour-le-match-face-au-cameroun-a-debute-a-malabo","status":"publish","type":"post","link":"https:\/\/linitiative.ca\/International\/qualifs-mondial-2022-la-preparation-pour-le-match-face-au-cameroun-a-debute-a-malabo\/","title":{"rendered":"Qualifs Mondial 2022 : La pr\u00e9paration pour le match face au Cameroun a d\u00e9but\u00e9 \u00e0 Malabo"},"content":{"rendered":"<div>A j-3 du premier des deux matchs de l&rsquo;Alg\u00e9rie face au Cameroun, la s\u00e9lection nationale a entam\u00e9 sa pr\u00e9paration \u00e0 Malabo en Guin\u00e9e Equatoriale<\/div>\n<p>Auteur:<br \/>\n<a href=\"https:\/\/www.lebuteur.com\/article\/detail?titre=qualifs-mondial-2022-la-preparation-pour-le-match-face-au-cameroun-a-debute-a-malabo&#038;id=102547\">Cliquez ici pour lire l&rsquo;article depuis sa source.<\/a><\/p>\n","protected":false},"excerpt":{"rendered":"<p>A j-3 du premier des deux matchs de l&rsquo;Alg\u00e9rie face au Cameroun, la s\u00e9lection nationale a entam\u00e9 sa pr\u00e9paration \u00e0 Malabo en Guin\u00e9e Equatoriale Auteur: Cliquez ici pour lire l&rsquo;article depuis sa source.<\/p>\n","protected":false},"author":1738,"featured_media":0,"comment_status":"closed","ping_status":"closed","sticky":false,"template":"","format":"standard","meta":{"fifu_image_url":"","fifu_image_alt":"","footnotes":""},"categories":[53,75],"tags":[],"class_list":["post-143680","post","type-post","status-publish","format-standard","hentry","category-algerie","category-sport"],"_links":{"self":[{"href":"https:\/\/linitiative.ca\/International\/wp-json\/wp\/v2\/posts\/143680","targetHints":{"allow":["GET"]}}],"collection":[{"href":"https:\/\/linitiative.ca\/International\/wp-json\/wp\/v2\/posts"}],"about":[{"href":"https:\/\/linitiative.ca\/International\/wp-json\/wp\/v2\/types\/post"}],"author":[{"embeddable":true,"href":"https:\/\/linitiative.ca\/International\/wp-json\/wp\/v2\/users\/1738"}],"replies":[{"embeddable":true,"href":"https:\/\/linitiative.ca\/International\/wp-json\/wp\/v2\/comments?post=143680"}],"version-history":[{"count":0,"href":"https:\/\/linitiative.ca\/International\/wp-json\/wp\/v2\/posts\/143680\/revisions"}],"wp:attachment":[{"href":"https:\/\/linitiative.ca\/International\/wp-json\/wp\/v2\/media?parent=143680"}],"wp:term":[{"taxonomy":"category","embeddable":true,"href":"https:\/\/linitiative.ca\/International\/wp-json\/wp\/v2\/categories?post=143680"},{"taxonomy":"post_tag","embeddable":true,"href":"https:\/\/linitiative.ca\/International\/wp-json\/wp\/v2\/tags?post=143680"}],"curies":[{"name":"wp","href":"https:\/\/api.w.org\/{rel}","templated":true}]}}